{"id":28,"date":"2026-04-27T20:16:19","date_gmt":"2026-04-27T23:16:19","guid":{"rendered":"http:\/\/portalpugmil.com.br\/?p=28"},"modified":"2026-04-28T10:32:10","modified_gmt":"2026-04-28T13:32:10","slug":"cavalgada-em-paraiso-gera-indignacao-apos-agressao-a-cavalo","status":"publish","type":"post","link":"https:\/\/portalpugmil.com.br\/?p=28","title":{"rendered":"CAVALGADA EM PARA\u00cdSO GERA INDIGNA\u00c7\u00c3O AP\u00d3S AGRESS\u00c3O A CAVALO."},"content":{"rendered":"\n<figure class=\"wp-block-image size-large\"><img loading=\"lazy\" decoding=\"async\" width=\"1024\" height=\"683\" src=\"http:\/\/portalpugmil.com.br\/wp-content\/uploads\/2026\/04\/1002267770-1-1024x683.png\" alt=\"\" class=\"wp-image-29\" srcset=\"https:\/\/portalpugmil.com.br\/wp-content\/uploads\/2026\/04\/1002267770-1-1024x683.png 1024w, https:\/\/portalpugmil.com.br\/wp-content\/uploads\/2026\/04\/1002267770-1-300x200.png 300w, https:\/\/portalpugmil.com.br\/wp-content\/uploads\/2026\/04\/1002267770-1-768x512.png 768w, https:\/\/portalpugmil.com.br\/wp-content\/uploads\/2026\/04\/1002267770-1.png 1536w\" sizes=\"auto, (max-width: 1024px) 100vw, 1024px\" \/><\/figure>\n\n\n\n<p>Para\u00edso do Tocantins (TO) \u2013 Um v\u00eddeo que circula nas redes sociais desde o \u00faltimo s\u00e1bado (26) tem causado revolta entre moradores da regi\u00e3o. As imagens mostram um homem chutando e empurrando um cavalo durante uma cavalgada realizada em Para\u00edso do Tocantins.<\/p>\n\n\n\n<p>A cena gerou forte repercuss\u00e3o nas redes sociais e levantou questionamentos sobre poss\u00edveis maus-tratos contra animais. Internautas classificaram a atitude como inaceit\u00e1vel e passaram a cobrar provid\u00eancias das autoridades competentes.<\/p>\n\n\n\n<p>O caso reacende o debate sobre a responsabilidade durante eventos com animais e a necessidade de fiscaliza\u00e7\u00e3o para evitar situa\u00e7\u00f5es de viol\u00eancia.<\/p>\n\n\n\n<p>De acordo com a legisla\u00e7\u00e3o brasileira, maltratar animais \u00e9 crime, podendo resultar em multa e at\u00e9 deten\u00e7\u00e3o, conforme previsto na Lei de Crimes Ambientais.<\/p>\n\n\n\n<p>At\u00e9 o momento, n\u00e3o h\u00e1 informa\u00e7\u00f5es oficiais sobre a identifica\u00e7\u00e3o do respons\u00e1vel ou medidas adotadas ap\u00f3s o ocorrido.<\/p>\n\n\n\n<p><\/p>\n","protected":false},"excerpt":{"rendered":"<p>Para\u00edso do Tocantins (TO) \u2013 Um v\u00eddeo que circula nas redes sociais desde o \u00faltimo s\u00e1bado (26) tem causado revolta entre moradores da regi\u00e3o. As imagens mostram um homem chutando e empurrando um cavalo durante uma cavalgada realizada em Para\u00edso do Tocantins. A cena gerou forte repercuss\u00e3o nas redes sociais e levantou questionamentos sobre poss\u00edveis [&hellip;]<\/p>\n","protected":false},"author":1,"featured_media":29,"comment_status":"open","ping_status":"open","sticky":false,"template":"","format":"standard","meta":{"footnotes":""},"categories":[6],"tags":[],"class_list":["post-28","post","type-post","status-publish","format-standard","has-post-thumbnail","hentry","category-regional"],"yoast_head":"<!-- This site is optimized with the Yoast SEO plugin v27.5 - https:\/\/yoast.com\/product\/yoast-seo-wordpress\/ -->\n<title>CAVALGADA EM PARA\u00cdSO GERA INDIGNA\u00c7\u00c3O AP\u00d3S AGRESS\u00c3O A CAVALO. - Portalpugmil<\/title>\n<meta name=\"robots\" content=\"index, follow, max-snippet:-1, max-image-preview:large, max-video-preview:-1\" \/>\n<link rel=\"canonical\" href=\"https:\/\/portalpugmil.com.br\/?p=28\" \/>\n<meta property=\"og:locale\" content=\"pt_BR\" \/>\n<meta property=\"og:type\" content=\"article\" \/>\n<meta property=\"og:title\" content=\"CAVALGADA EM PARA\u00cdSO GERA INDIGNA\u00c7\u00c3O AP\u00d3S AGRESS\u00c3O A CAVALO. - Portalpugmil\" \/>\n<meta property=\"og:description\" content=\"Para\u00edso do Tocantins (TO) \u2013 Um v\u00eddeo que circula nas redes sociais desde o \u00faltimo s\u00e1bado (26) tem causado revolta entre moradores da regi\u00e3o. As imagens mostram um homem chutando e empurrando um cavalo durante uma cavalgada realizada em Para\u00edso do Tocantins. A cena gerou forte repercuss\u00e3o nas redes sociais e levantou questionamentos sobre poss\u00edveis [&hellip;]\" \/>\n<meta property=\"og:url\" content=\"https:\/\/portalpugmil.com.br\/?p=28\" \/>\n<meta property=\"og:site_name\" content=\"Portalpugmil\" \/>\n<meta property=\"article:published_time\" content=\"2026-04-27T23:16:19+00:00\" \/>\n<meta property=\"article:modified_time\" content=\"2026-04-28T13:32:10+00:00\" \/>\n<meta property=\"og:image\" content=\"http:\/\/portalpugmil.com.br\/wp-content\/uploads\/2026\/04\/1002267770-1-1024x683.png\" \/>\n\t<meta property=\"og:image:width\" content=\"1024\" \/>\n\t<meta property=\"og:image:height\" content=\"683\" \/>\n\t<meta property=\"og:image:type\" content=\"image\/png\" \/>\n<meta name=\"author\" content=\"portalpugmil12\" \/>\n<meta name=\"twitter:card\" content=\"summary_large_image\" \/>\n<meta name=\"twitter:label1\" content=\"Escrito por\" \/>\n\t<meta name=\"twitter:data1\" content=\"portalpugmil12\" \/>\n\t<meta name=\"twitter:label2\" content=\"Est. tempo de leitura\" \/>\n\t<meta name=\"twitter:data2\" content=\"1 minuto\" \/>\n<script type=\"application\/ld+json\" class=\"yoast-schema-graph\">{\"@context\":\"https:\\\/\\\/schema.org\",\"@graph\":[{\"@type\":\"Article\",\"@id\":\"https:\\\/\\\/portalpugmil.com.br\\\/?p=28#article\",\"isPartOf\":{\"@id\":\"https:\\\/\\\/portalpugmil.com.br\\\/?p=28\"},\"author\":{\"name\":\"portalpugmil12\",\"@id\":\"https:\\\/\\\/portalpugmil.com.br\\\/#\\\/schema\\\/person\\\/773985a66f4a7f46b408c495f438cd1b\"},\"headline\":\"CAVALGADA EM PARA\u00cdSO GERA INDIGNA\u00c7\u00c3O AP\u00d3S AGRESS\u00c3O A CAVALO.\",\"datePublished\":\"2026-04-27T23:16:19+00:00\",\"dateModified\":\"2026-04-28T13:32:10+00:00\",\"mainEntityOfPage\":{\"@id\":\"https:\\\/\\\/portalpugmil.com.br\\\/?p=28\"},\"wordCount\":165,\"commentCount\":0,\"image\":{\"@id\":\"https:\\\/\\\/portalpugmil.com.br\\\/?p=28#primaryimage\"},\"thumbnailUrl\":\"https:\\\/\\\/portalpugmil.com.br\\\/wp-content\\\/uploads\\\/2026\\\/04\\\/1002267770-1.png\",\"articleSection\":[\"Regional\"],\"inLanguage\":\"pt-BR\",\"potentialAction\":[{\"@type\":\"CommentAction\",\"name\":\"Comment\",\"target\":[\"https:\\\/\\\/portalpugmil.com.br\\\/?p=28#respond\"]}]},{\"@type\":\"WebPage\",\"@id\":\"https:\\\/\\\/portalpugmil.com.br\\\/?p=28\",\"url\":\"https:\\\/\\\/portalpugmil.com.br\\\/?p=28\",\"name\":\"CAVALGADA EM PARA\u00cdSO GERA INDIGNA\u00c7\u00c3O AP\u00d3S AGRESS\u00c3O A CAVALO. - Portalpugmil\",\"isPartOf\":{\"@id\":\"https:\\\/\\\/portalpugmil.com.br\\\/#website\"},\"primaryImageOfPage\":{\"@id\":\"https:\\\/\\\/portalpugmil.com.br\\\/?p=28#primaryimage\"},\"image\":{\"@id\":\"https:\\\/\\\/portalpugmil.com.br\\\/?p=28#primaryimage\"},\"thumbnailUrl\":\"https:\\\/\\\/portalpugmil.com.br\\\/wp-content\\\/uploads\\\/2026\\\/04\\\/1002267770-1.png\",\"datePublished\":\"2026-04-27T23:16:19+00:00\",\"dateModified\":\"2026-04-28T13:32:10+00:00\",\"author\":{\"@id\":\"https:\\\/\\\/portalpugmil.com.br\\\/#\\\/schema\\\/person\\\/773985a66f4a7f46b408c495f438cd1b\"},\"breadcrumb\":{\"@id\":\"https:\\\/\\\/portalpugmil.com.br\\\/?p=28#breadcrumb\"},\"inLanguage\":\"pt-BR\",\"potentialAction\":[{\"@type\":\"ReadAction\",\"target\":[\"https:\\\/\\\/portalpugmil.com.br\\\/?p=28\"]}]},{\"@type\":\"ImageObject\",\"inLanguage\":\"pt-BR\",\"@id\":\"https:\\\/\\\/portalpugmil.com.br\\\/?p=28#primaryimage\",\"url\":\"https:\\\/\\\/portalpugmil.com.br\\\/wp-content\\\/uploads\\\/2026\\\/04\\\/1002267770-1.png\",\"contentUrl\":\"https:\\\/\\\/portalpugmil.com.br\\\/wp-content\\\/uploads\\\/2026\\\/04\\\/1002267770-1.png\",\"width\":1536,\"height\":1024,\"caption\":\"CAVALGADA EM PARA\u00cdSO GERA INDIGNA\u00c7\u00c3O AP\u00d3S AGRESS\u00c3O A CAVALO.\"},{\"@type\":\"BreadcrumbList\",\"@id\":\"https:\\\/\\\/portalpugmil.com.br\\\/?p=28#breadcrumb\",\"itemListElement\":[{\"@type\":\"ListItem\",\"position\":1,\"name\":\"In\u00edcio\",\"item\":\"https:\\\/\\\/portalpugmil.com.br\\\/\"},{\"@type\":\"ListItem\",\"position\":2,\"name\":\"CAVALGADA EM PARA\u00cdSO GERA INDIGNA\u00c7\u00c3O AP\u00d3S AGRESS\u00c3O A CAVALO.\"}]},{\"@type\":\"WebSite\",\"@id\":\"https:\\\/\\\/portalpugmil.com.br\\\/#website\",\"url\":\"https:\\\/\\\/portalpugmil.com.br\\\/\",\"name\":\"Portalpugmil\",\"description\":\"\",\"potentialAction\":[{\"@type\":\"SearchAction\",\"target\":{\"@type\":\"EntryPoint\",\"urlTemplate\":\"https:\\\/\\\/portalpugmil.com.br\\\/?s={search_term_string}\"},\"query-input\":{\"@type\":\"PropertyValueSpecification\",\"valueRequired\":true,\"valueName\":\"search_term_string\"}}],\"inLanguage\":\"pt-BR\"},{\"@type\":\"Person\",\"@id\":\"https:\\\/\\\/portalpugmil.com.br\\\/#\\\/schema\\\/person\\\/773985a66f4a7f46b408c495f438cd1b\",\"name\":\"portalpugmil12\",\"image\":{\"@type\":\"ImageObject\",\"inLanguage\":\"pt-BR\",\"@id\":\"https:\\\/\\\/secure.gravatar.com\\\/avatar\\\/50c9b3466b466f582dbda1af491211e2976b17595f82c18cda4eee2ee098a70a?s=96&d=mm&r=g\",\"url\":\"https:\\\/\\\/secure.gravatar.com\\\/avatar\\\/50c9b3466b466f582dbda1af491211e2976b17595f82c18cda4eee2ee098a70a?s=96&d=mm&r=g\",\"contentUrl\":\"https:\\\/\\\/secure.gravatar.com\\\/avatar\\\/50c9b3466b466f582dbda1af491211e2976b17595f82c18cda4eee2ee098a70a?s=96&d=mm&r=g\",\"caption\":\"portalpugmil12\"},\"description\":\"Portal Pugmil \u00e9 um canal de informa\u00e7\u00e3o independente, dedicado a levar not\u00edcias com responsabilidade, clareza e imparcialidade \u00e0 popula\u00e7\u00e3o. Atuando com foco nos acontecimentos locais e regionais, o portal busca informar, conscientizar e dar voz \u00e0 comunidade. Nosso compromisso \u00e9 com a verdade e com a credibilidade da informa\u00e7\u00e3o.\",\"sameAs\":[\"http:\\\/\\\/portalpugmil.com.br\"],\"url\":\"https:\\\/\\\/portalpugmil.com.br\\\/?author=1\"}]}<\/script>\n<!-- \/ Yoast SEO plugin. -->","yoast_head_json":{"title":"CAVALGADA EM PARA\u00cdSO GERA INDIGNA\u00c7\u00c3O AP\u00d3S AGRESS\u00c3O A CAVALO. - Portalpugmil","robots":{"index":"index","follow":"follow","max-snippet":"max-snippet:-1","max-image-preview":"max-image-preview:large","max-video-preview":"max-video-preview:-1"},"canonical":"https:\/\/portalpugmil.com.br\/?p=28","og_locale":"pt_BR","og_type":"article","og_title":"CAVALGADA EM PARA\u00cdSO GERA INDIGNA\u00c7\u00c3O AP\u00d3S AGRESS\u00c3O A CAVALO. - Portalpugmil","og_description":"Para\u00edso do Tocantins (TO) \u2013 Um v\u00eddeo que circula nas redes sociais desde o \u00faltimo s\u00e1bado (26) tem causado revolta entre moradores da regi\u00e3o. As imagens mostram um homem chutando e empurrando um cavalo durante uma cavalgada realizada em Para\u00edso do Tocantins. A cena gerou forte repercuss\u00e3o nas redes sociais e levantou questionamentos sobre poss\u00edveis [&hellip;]","og_url":"https:\/\/portalpugmil.com.br\/?p=28","og_site_name":"Portalpugmil","article_published_time":"2026-04-27T23:16:19+00:00","article_modified_time":"2026-04-28T13:32:10+00:00","og_image":[{"width":1024,"height":683,"url":"http:\/\/portalpugmil.com.br\/wp-content\/uploads\/2026\/04\/1002267770-1-1024x683.png","type":"image\/png"}],"author":"portalpugmil12","twitter_card":"summary_large_image","twitter_misc":{"Escrito por":"portalpugmil12","Est. tempo de leitura":"1 minuto"},"schema":{"@context":"https:\/\/schema.org","@graph":[{"@type":"Article","@id":"https:\/\/portalpugmil.com.br\/?p=28#article","isPartOf":{"@id":"https:\/\/portalpugmil.com.br\/?p=28"},"author":{"name":"portalpugmil12","@id":"https:\/\/portalpugmil.com.br\/#\/schema\/person\/773985a66f4a7f46b408c495f438cd1b"},"headline":"CAVALGADA EM PARA\u00cdSO GERA INDIGNA\u00c7\u00c3O AP\u00d3S AGRESS\u00c3O A CAVALO.","datePublished":"2026-04-27T23:16:19+00:00","dateModified":"2026-04-28T13:32:10+00:00","mainEntityOfPage":{"@id":"https:\/\/portalpugmil.com.br\/?p=28"},"wordCount":165,"commentCount":0,"image":{"@id":"https:\/\/portalpugmil.com.br\/?p=28#primaryimage"},"thumbnailUrl":"https:\/\/portalpugmil.com.br\/wp-content\/uploads\/2026\/04\/1002267770-1.png","articleSection":["Regional"],"inLanguage":"pt-BR","potentialAction":[{"@type":"CommentAction","name":"Comment","target":["https:\/\/portalpugmil.com.br\/?p=28#respond"]}]},{"@type":"WebPage","@id":"https:\/\/portalpugmil.com.br\/?p=28","url":"https:\/\/portalpugmil.com.br\/?p=28","name":"CAVALGADA EM PARA\u00cdSO GERA INDIGNA\u00c7\u00c3O AP\u00d3S AGRESS\u00c3O A CAVALO. - Portalpugmil","isPartOf":{"@id":"https:\/\/portalpugmil.com.br\/#website"},"primaryImageOfPage":{"@id":"https:\/\/portalpugmil.com.br\/?p=28#primaryimage"},"image":{"@id":"https:\/\/portalpugmil.com.br\/?p=28#primaryimage"},"thumbnailUrl":"https:\/\/portalpugmil.com.br\/wp-content\/uploads\/2026\/04\/1002267770-1.png","datePublished":"2026-04-27T23:16:19+00:00","dateModified":"2026-04-28T13:32:10+00:00","author":{"@id":"https:\/\/portalpugmil.com.br\/#\/schema\/person\/773985a66f4a7f46b408c495f438cd1b"},"breadcrumb":{"@id":"https:\/\/portalpugmil.com.br\/?p=28#breadcrumb"},"inLanguage":"pt-BR","potentialAction":[{"@type":"ReadAction","target":["https:\/\/portalpugmil.com.br\/?p=28"]}]},{"@type":"ImageObject","inLanguage":"pt-BR","@id":"https:\/\/portalpugmil.com.br\/?p=28#primaryimage","url":"https:\/\/portalpugmil.com.br\/wp-content\/uploads\/2026\/04\/1002267770-1.png","contentUrl":"https:\/\/portalpugmil.com.br\/wp-content\/uploads\/2026\/04\/1002267770-1.png","width":1536,"height":1024,"caption":"CAVALGADA EM PARA\u00cdSO GERA INDIGNA\u00c7\u00c3O AP\u00d3S AGRESS\u00c3O A CAVALO."},{"@type":"BreadcrumbList","@id":"https:\/\/portalpugmil.com.br\/?p=28#breadcrumb","itemListElement":[{"@type":"ListItem","position":1,"name":"In\u00edcio","item":"https:\/\/portalpugmil.com.br\/"},{"@type":"ListItem","position":2,"name":"CAVALGADA EM PARA\u00cdSO GERA INDIGNA\u00c7\u00c3O AP\u00d3S AGRESS\u00c3O A CAVALO."}]},{"@type":"WebSite","@id":"https:\/\/portalpugmil.com.br\/#website","url":"https:\/\/portalpugmil.com.br\/","name":"Portalpugmil","description":"","potentialAction":[{"@type":"SearchAction","target":{"@type":"EntryPoint","urlTemplate":"https:\/\/portalpugmil.com.br\/?s={search_term_string}"},"query-input":{"@type":"PropertyValueSpecification","valueRequired":true,"valueName":"search_term_string"}}],"inLanguage":"pt-BR"},{"@type":"Person","@id":"https:\/\/portalpugmil.com.br\/#\/schema\/person\/773985a66f4a7f46b408c495f438cd1b","name":"portalpugmil12","image":{"@type":"ImageObject","inLanguage":"pt-BR","@id":"https:\/\/secure.gravatar.com\/avatar\/50c9b3466b466f582dbda1af491211e2976b17595f82c18cda4eee2ee098a70a?s=96&d=mm&r=g","url":"https:\/\/secure.gravatar.com\/avatar\/50c9b3466b466f582dbda1af491211e2976b17595f82c18cda4eee2ee098a70a?s=96&d=mm&r=g","contentUrl":"https:\/\/secure.gravatar.com\/avatar\/50c9b3466b466f582dbda1af491211e2976b17595f82c18cda4eee2ee098a70a?s=96&d=mm&r=g","caption":"portalpugmil12"},"description":"Portal Pugmil \u00e9 um canal de informa\u00e7\u00e3o independente, dedicado a levar not\u00edcias com responsabilidade, clareza e imparcialidade \u00e0 popula\u00e7\u00e3o. Atuando com foco nos acontecimentos locais e regionais, o portal busca informar, conscientizar e dar voz \u00e0 comunidade. Nosso compromisso \u00e9 com a verdade e com a credibilidade da informa\u00e7\u00e3o.","sameAs":["http:\/\/portalpugmil.com.br"],"url":"https:\/\/portalpugmil.com.br\/?author=1"}]}},"_links":{"self":[{"href":"https:\/\/portalpugmil.com.br\/index.php?rest_route=\/wp\/v2\/posts\/28","targetHints":{"allow":["GET"]}}],"collection":[{"href":"https:\/\/portalpugmil.com.br\/index.php?rest_route=\/wp\/v2\/posts"}],"about":[{"href":"https:\/\/portalpugmil.com.br\/index.php?rest_route=\/wp\/v2\/types\/post"}],"author":[{"embeddable":true,"href":"https:\/\/portalpugmil.com.br\/index.php?rest_route=\/wp\/v2\/users\/1"}],"replies":[{"embeddable":true,"href":"https:\/\/portalpugmil.com.br\/index.php?rest_route=%2Fwp%2Fv2%2Fcomments&post=28"}],"version-history":[{"count":1,"href":"https:\/\/portalpugmil.com.br\/index.php?rest_route=\/wp\/v2\/posts\/28\/revisions"}],"predecessor-version":[{"id":30,"href":"https:\/\/portalpugmil.com.br\/index.php?rest_route=\/wp\/v2\/posts\/28\/revisions\/30"}],"wp:featuredmedia":[{"embeddable":true,"href":"https:\/\/portalpugmil.com.br\/index.php?rest_route=\/wp\/v2\/media\/29"}],"wp:attachment":[{"href":"https:\/\/portalpugmil.com.br\/index.php?rest_route=%2Fwp%2Fv2%2Fmedia&parent=28"}],"wp:term":[{"taxonomy":"category","embeddable":true,"href":"https:\/\/portalpugmil.com.br\/index.php?rest_route=%2Fwp%2Fv2%2Fcategories&post=28"},{"taxonomy":"post_tag","embeddable":true,"href":"https:\/\/portalpugmil.com.br\/index.php?rest_route=%2Fwp%2Fv2%2Ftags&post=28"}],"curies":[{"name":"wp","href":"https:\/\/api.w.org\/{rel}","templated":true}]}}