{"id":52,"date":"2026-04-28T12:10:44","date_gmt":"2026-04-28T15:10:44","guid":{"rendered":"http:\/\/portalpugmil.com.br\/?p=52"},"modified":"2026-04-28T12:12:51","modified_gmt":"2026-04-28T15:12:51","slug":"cavalgada-2026-ja-tem-data-marcada-em-pugmil","status":"publish","type":"post","link":"https:\/\/portalpugmil.com.br\/?p=52","title":{"rendered":"Cavalgada 2026 j\u00e1 tem data marcada em Pugmil."},"content":{"rendered":"\n<figure class=\"wp-block-image size-large is-resized\"><img loading=\"lazy\" decoding=\"async\" width=\"819\" height=\"1024\" src=\"http:\/\/portalpugmil.com.br\/wp-content\/uploads\/2026\/04\/1002269634-819x1024.jpg\" alt=\"\" class=\"wp-image-53\" style=\"aspect-ratio:0.7998099866625253;width:575px;height:auto\" srcset=\"https:\/\/portalpugmil.com.br\/wp-content\/uploads\/2026\/04\/1002269634-819x1024.jpg 819w, https:\/\/portalpugmil.com.br\/wp-content\/uploads\/2026\/04\/1002269634-240x300.jpg 240w, https:\/\/portalpugmil.com.br\/wp-content\/uploads\/2026\/04\/1002269634-768x960.jpg 768w, https:\/\/portalpugmil.com.br\/wp-content\/uploads\/2026\/04\/1002269634.jpg 1122w\" sizes=\"auto, (max-width: 819px) 100vw, 819px\" \/><\/figure>\n\n\n\n<p>A tradi\u00e7\u00e3o vai tomar conta das ruas de Pugmil! J\u00e1 est\u00e1 confirmada a Cavalgada 2026, que acontecer\u00e1 no dia 24 de maio, em comemora\u00e7\u00e3o aos 32 anos do munic\u00edpio.<\/p>\n\n\n\n<p>O evento, que j\u00e1 \u00e9 uma marca cultural da cidade, promete reunir cavaleiros, comitivas e a popula\u00e7\u00e3o em um grande momento de celebra\u00e7\u00e3o, valorizando as ra\u00edzes sertanejas e a cultura do interior tocantinense.<\/p>\n\n\n\n<p>A cavalgada faz parte da programa\u00e7\u00e3o festiva de anivers\u00e1rio da cidade e costuma atrair participantes de toda a regi\u00e3o, com desfiles, bandeiras, organiza\u00e7\u00e3o de comitivas e muita anima\u00e7\u00e3o ao longo do percurso.<\/p>\n\n\n\n<p>Portal Pugmil destaca:A Cavalgada \u00e9 mais do que um evento festivo \u2014 \u00e9 uma tradi\u00e7\u00e3o que fortalece a identidade cultural de Pugmil, movimenta a economia local e promove integra\u00e7\u00e3o entre moradores e visitantes.<\/p>\n\n\n\n<p>Data: 24 de maio. Local: Pugmil \u2013 TO. Anivers\u00e1rio de 32 anos da cidade. Mais informa\u00e7\u00f5es sobre a programa\u00e7\u00e3o completa devem ser divulgadas em breve pela organiza\u00e7\u00e3o.\ud83d\udc49 Siga @portalpugmil_ para acompanhar todas as novidades.<\/p>\n\n\n\n<p><\/p>\n","protected":false},"excerpt":{"rendered":"<p>A tradi\u00e7\u00e3o vai tomar conta das ruas de Pugmil! J\u00e1 est\u00e1 confirmada a Cavalgada 2026, que acontecer\u00e1 no dia 24 de maio, em comemora\u00e7\u00e3o aos 32 anos do munic\u00edpio. O evento, que j\u00e1 \u00e9 uma marca cultural da cidade, promete reunir cavaleiros, comitivas e a popula\u00e7\u00e3o em um grande momento de celebra\u00e7\u00e3o, valorizando as ra\u00edzes [&hellip;]<\/p>\n","protected":false},"author":1,"featured_media":53,"comment_status":"open","ping_status":"open","sticky":false,"template":"","format":"standard","meta":{"footnotes":""},"categories":[1],"tags":[],"class_list":["post-52","post","type-post","status-publish","format-standard","has-post-thumbnail","hentry","category-pugmil"],"yoast_head":"<!-- This site is optimized with the Yoast SEO plugin v27.5 - https:\/\/yoast.com\/product\/yoast-seo-wordpress\/ -->\n<title>Cavalgada 2026 j\u00e1 tem data marcada em Pugmil. - Portalpugmil<\/title>\n<meta name=\"robots\" content=\"index, follow, max-snippet:-1, max-image-preview:large, max-video-preview:-1\" \/>\n<link rel=\"canonical\" href=\"http:\/\/portalpugmil.com.br\/?p=52\" \/>\n<meta property=\"og:locale\" content=\"pt_BR\" \/>\n<meta property=\"og:type\" content=\"article\" \/>\n<meta property=\"og:title\" content=\"Cavalgada 2026 j\u00e1 tem data marcada em Pugmil. - Portalpugmil\" \/>\n<meta property=\"og:description\" content=\"A tradi\u00e7\u00e3o vai tomar conta das ruas de Pugmil! J\u00e1 est\u00e1 confirmada a Cavalgada 2026, que acontecer\u00e1 no dia 24 de maio, em comemora\u00e7\u00e3o aos 32 anos do munic\u00edpio. O evento, que j\u00e1 \u00e9 uma marca cultural da cidade, promete reunir cavaleiros, comitivas e a popula\u00e7\u00e3o em um grande momento de celebra\u00e7\u00e3o, valorizando as ra\u00edzes [&hellip;]\" \/>\n<meta property=\"og:url\" content=\"http:\/\/portalpugmil.com.br\/?p=52\" \/>\n<meta property=\"og:site_name\" content=\"Portalpugmil\" \/>\n<meta property=\"article:published_time\" content=\"2026-04-28T15:10:44+00:00\" \/>\n<meta property=\"article:modified_time\" content=\"2026-04-28T15:12:51+00:00\" \/>\n<meta property=\"og:image\" content=\"http:\/\/portalpugmil.com.br\/wp-content\/uploads\/2026\/04\/1002269634.jpg\" \/>\n\t<meta property=\"og:image:width\" content=\"1122\" \/>\n\t<meta property=\"og:image:height\" content=\"1402\" \/>\n\t<meta property=\"og:image:type\" content=\"image\/jpeg\" \/>\n<meta name=\"author\" content=\"portalpugmil12\" \/>\n<meta name=\"twitter:card\" content=\"summary_large_image\" \/>\n<meta name=\"twitter:label1\" content=\"Escrito por\" \/>\n\t<meta name=\"twitter:data1\" content=\"portalpugmil12\" \/>\n\t<meta name=\"twitter:label2\" content=\"Est. tempo de leitura\" \/>\n\t<meta name=\"twitter:data2\" content=\"1 minuto\" \/>\n<script type=\"application\/ld+json\" class=\"yoast-schema-graph\">{\"@context\":\"https:\\\/\\\/schema.org\",\"@graph\":[{\"@type\":\"Article\",\"@id\":\"http:\\\/\\\/portalpugmil.com.br\\\/?p=52#article\",\"isPartOf\":{\"@id\":\"http:\\\/\\\/portalpugmil.com.br\\\/?p=52\"},\"author\":{\"name\":\"portalpugmil12\",\"@id\":\"http:\\\/\\\/portalpugmil.com.br\\\/#\\\/schema\\\/person\\\/773985a66f4a7f46b408c495f438cd1b\"},\"headline\":\"Cavalgada 2026 j\u00e1 tem data marcada em Pugmil.\",\"datePublished\":\"2026-04-28T15:10:44+00:00\",\"dateModified\":\"2026-04-28T15:12:51+00:00\",\"mainEntityOfPage\":{\"@id\":\"http:\\\/\\\/portalpugmil.com.br\\\/?p=52\"},\"wordCount\":176,\"commentCount\":0,\"image\":{\"@id\":\"http:\\\/\\\/portalpugmil.com.br\\\/?p=52#primaryimage\"},\"thumbnailUrl\":\"https:\\\/\\\/portalpugmil.com.br\\\/wp-content\\\/uploads\\\/2026\\\/04\\\/1002269634.jpg\",\"articleSection\":[\"Pugmil\"],\"inLanguage\":\"pt-BR\",\"potentialAction\":[{\"@type\":\"CommentAction\",\"name\":\"Comment\",\"target\":[\"http:\\\/\\\/portalpugmil.com.br\\\/?p=52#respond\"]}]},{\"@type\":\"WebPage\",\"@id\":\"http:\\\/\\\/portalpugmil.com.br\\\/?p=52\",\"url\":\"http:\\\/\\\/portalpugmil.com.br\\\/?p=52\",\"name\":\"Cavalgada 2026 j\u00e1 tem data marcada em Pugmil. - Portalpugmil\",\"isPartOf\":{\"@id\":\"http:\\\/\\\/portalpugmil.com.br\\\/#website\"},\"primaryImageOfPage\":{\"@id\":\"http:\\\/\\\/portalpugmil.com.br\\\/?p=52#primaryimage\"},\"image\":{\"@id\":\"http:\\\/\\\/portalpugmil.com.br\\\/?p=52#primaryimage\"},\"thumbnailUrl\":\"https:\\\/\\\/portalpugmil.com.br\\\/wp-content\\\/uploads\\\/2026\\\/04\\\/1002269634.jpg\",\"datePublished\":\"2026-04-28T15:10:44+00:00\",\"dateModified\":\"2026-04-28T15:12:51+00:00\",\"author\":{\"@id\":\"http:\\\/\\\/portalpugmil.com.br\\\/#\\\/schema\\\/person\\\/773985a66f4a7f46b408c495f438cd1b\"},\"breadcrumb\":{\"@id\":\"http:\\\/\\\/portalpugmil.com.br\\\/?p=52#breadcrumb\"},\"inLanguage\":\"pt-BR\",\"potentialAction\":[{\"@type\":\"ReadAction\",\"target\":[\"http:\\\/\\\/portalpugmil.com.br\\\/?p=52\"]}]},{\"@type\":\"ImageObject\",\"inLanguage\":\"pt-BR\",\"@id\":\"http:\\\/\\\/portalpugmil.com.br\\\/?p=52#primaryimage\",\"url\":\"https:\\\/\\\/portalpugmil.com.br\\\/wp-content\\\/uploads\\\/2026\\\/04\\\/1002269634.jpg\",\"contentUrl\":\"https:\\\/\\\/portalpugmil.com.br\\\/wp-content\\\/uploads\\\/2026\\\/04\\\/1002269634.jpg\",\"width\":1122,\"height\":1402,\"caption\":\"Cavalgada 2026 j\u00e1 tem data marcada em Pugmil.\"},{\"@type\":\"BreadcrumbList\",\"@id\":\"http:\\\/\\\/portalpugmil.com.br\\\/?p=52#breadcrumb\",\"itemListElement\":[{\"@type\":\"ListItem\",\"position\":1,\"name\":\"In\u00edcio\",\"item\":\"http:\\\/\\\/portalpugmil.com.br\\\/\"},{\"@type\":\"ListItem\",\"position\":2,\"name\":\"Cavalgada 2026 j\u00e1 tem data marcada em Pugmil.\"}]},{\"@type\":\"WebSite\",\"@id\":\"http:\\\/\\\/portalpugmil.com.br\\\/#website\",\"url\":\"http:\\\/\\\/portalpugmil.com.br\\\/\",\"name\":\"Portalpugmil\",\"description\":\"\",\"potentialAction\":[{\"@type\":\"SearchAction\",\"target\":{\"@type\":\"EntryPoint\",\"urlTemplate\":\"http:\\\/\\\/portalpugmil.com.br\\\/?s={search_term_string}\"},\"query-input\":{\"@type\":\"PropertyValueSpecification\",\"valueRequired\":true,\"valueName\":\"search_term_string\"}}],\"inLanguage\":\"pt-BR\"},{\"@type\":\"Person\",\"@id\":\"http:\\\/\\\/portalpugmil.com.br\\\/#\\\/schema\\\/person\\\/773985a66f4a7f46b408c495f438cd1b\",\"name\":\"portalpugmil12\",\"image\":{\"@type\":\"ImageObject\",\"inLanguage\":\"pt-BR\",\"@id\":\"https:\\\/\\\/secure.gravatar.com\\\/avatar\\\/50c9b3466b466f582dbda1af491211e2976b17595f82c18cda4eee2ee098a70a?s=96&d=mm&r=g\",\"url\":\"https:\\\/\\\/secure.gravatar.com\\\/avatar\\\/50c9b3466b466f582dbda1af491211e2976b17595f82c18cda4eee2ee098a70a?s=96&d=mm&r=g\",\"contentUrl\":\"https:\\\/\\\/secure.gravatar.com\\\/avatar\\\/50c9b3466b466f582dbda1af491211e2976b17595f82c18cda4eee2ee098a70a?s=96&d=mm&r=g\",\"caption\":\"portalpugmil12\"},\"description\":\"Portal Pugmil \u00e9 um canal de informa\u00e7\u00e3o independente, dedicado a levar not\u00edcias com responsabilidade, clareza e imparcialidade \u00e0 popula\u00e7\u00e3o. Atuando com foco nos acontecimentos locais e regionais, o portal busca informar, conscientizar e dar voz \u00e0 comunidade. Nosso compromisso \u00e9 com a verdade e com a credibilidade da informa\u00e7\u00e3o.\",\"sameAs\":[\"http:\\\/\\\/portalpugmil.com.br\"],\"url\":\"https:\\\/\\\/portalpugmil.com.br\\\/?author=1\"}]}<\/script>\n<!-- \/ Yoast SEO plugin. -->","yoast_head_json":{"title":"Cavalgada 2026 j\u00e1 tem data marcada em Pugmil. - Portalpugmil","robots":{"index":"index","follow":"follow","max-snippet":"max-snippet:-1","max-image-preview":"max-image-preview:large","max-video-preview":"max-video-preview:-1"},"canonical":"http:\/\/portalpugmil.com.br\/?p=52","og_locale":"pt_BR","og_type":"article","og_title":"Cavalgada 2026 j\u00e1 tem data marcada em Pugmil. - Portalpugmil","og_description":"A tradi\u00e7\u00e3o vai tomar conta das ruas de Pugmil! J\u00e1 est\u00e1 confirmada a Cavalgada 2026, que acontecer\u00e1 no dia 24 de maio, em comemora\u00e7\u00e3o aos 32 anos do munic\u00edpio. O evento, que j\u00e1 \u00e9 uma marca cultural da cidade, promete reunir cavaleiros, comitivas e a popula\u00e7\u00e3o em um grande momento de celebra\u00e7\u00e3o, valorizando as ra\u00edzes [&hellip;]","og_url":"http:\/\/portalpugmil.com.br\/?p=52","og_site_name":"Portalpugmil","article_published_time":"2026-04-28T15:10:44+00:00","article_modified_time":"2026-04-28T15:12:51+00:00","og_image":[{"width":1122,"height":1402,"url":"http:\/\/portalpugmil.com.br\/wp-content\/uploads\/2026\/04\/1002269634.jpg","type":"image\/jpeg"}],"author":"portalpugmil12","twitter_card":"summary_large_image","twitter_misc":{"Escrito por":"portalpugmil12","Est. tempo de leitura":"1 minuto"},"schema":{"@context":"https:\/\/schema.org","@graph":[{"@type":"Article","@id":"http:\/\/portalpugmil.com.br\/?p=52#article","isPartOf":{"@id":"http:\/\/portalpugmil.com.br\/?p=52"},"author":{"name":"portalpugmil12","@id":"http:\/\/portalpugmil.com.br\/#\/schema\/person\/773985a66f4a7f46b408c495f438cd1b"},"headline":"Cavalgada 2026 j\u00e1 tem data marcada em Pugmil.","datePublished":"2026-04-28T15:10:44+00:00","dateModified":"2026-04-28T15:12:51+00:00","mainEntityOfPage":{"@id":"http:\/\/portalpugmil.com.br\/?p=52"},"wordCount":176,"commentCount":0,"image":{"@id":"http:\/\/portalpugmil.com.br\/?p=52#primaryimage"},"thumbnailUrl":"https:\/\/portalpugmil.com.br\/wp-content\/uploads\/2026\/04\/1002269634.jpg","articleSection":["Pugmil"],"inLanguage":"pt-BR","potentialAction":[{"@type":"CommentAction","name":"Comment","target":["http:\/\/portalpugmil.com.br\/?p=52#respond"]}]},{"@type":"WebPage","@id":"http:\/\/portalpugmil.com.br\/?p=52","url":"http:\/\/portalpugmil.com.br\/?p=52","name":"Cavalgada 2026 j\u00e1 tem data marcada em Pugmil. - Portalpugmil","isPartOf":{"@id":"http:\/\/portalpugmil.com.br\/#website"},"primaryImageOfPage":{"@id":"http:\/\/portalpugmil.com.br\/?p=52#primaryimage"},"image":{"@id":"http:\/\/portalpugmil.com.br\/?p=52#primaryimage"},"thumbnailUrl":"https:\/\/portalpugmil.com.br\/wp-content\/uploads\/2026\/04\/1002269634.jpg","datePublished":"2026-04-28T15:10:44+00:00","dateModified":"2026-04-28T15:12:51+00:00","author":{"@id":"http:\/\/portalpugmil.com.br\/#\/schema\/person\/773985a66f4a7f46b408c495f438cd1b"},"breadcrumb":{"@id":"http:\/\/portalpugmil.com.br\/?p=52#breadcrumb"},"inLanguage":"pt-BR","potentialAction":[{"@type":"ReadAction","target":["http:\/\/portalpugmil.com.br\/?p=52"]}]},{"@type":"ImageObject","inLanguage":"pt-BR","@id":"http:\/\/portalpugmil.com.br\/?p=52#primaryimage","url":"https:\/\/portalpugmil.com.br\/wp-content\/uploads\/2026\/04\/1002269634.jpg","contentUrl":"https:\/\/portalpugmil.com.br\/wp-content\/uploads\/2026\/04\/1002269634.jpg","width":1122,"height":1402,"caption":"Cavalgada 2026 j\u00e1 tem data marcada em Pugmil."},{"@type":"BreadcrumbList","@id":"http:\/\/portalpugmil.com.br\/?p=52#breadcrumb","itemListElement":[{"@type":"ListItem","position":1,"name":"In\u00edcio","item":"http:\/\/portalpugmil.com.br\/"},{"@type":"ListItem","position":2,"name":"Cavalgada 2026 j\u00e1 tem data marcada em Pugmil."}]},{"@type":"WebSite","@id":"http:\/\/portalpugmil.com.br\/#website","url":"http:\/\/portalpugmil.com.br\/","name":"Portalpugmil","description":"","potentialAction":[{"@type":"SearchAction","target":{"@type":"EntryPoint","urlTemplate":"http:\/\/portalpugmil.com.br\/?s={search_term_string}"},"query-input":{"@type":"PropertyValueSpecification","valueRequired":true,"valueName":"search_term_string"}}],"inLanguage":"pt-BR"},{"@type":"Person","@id":"http:\/\/portalpugmil.com.br\/#\/schema\/person\/773985a66f4a7f46b408c495f438cd1b","name":"portalpugmil12","image":{"@type":"ImageObject","inLanguage":"pt-BR","@id":"https:\/\/secure.gravatar.com\/avatar\/50c9b3466b466f582dbda1af491211e2976b17595f82c18cda4eee2ee098a70a?s=96&d=mm&r=g","url":"https:\/\/secure.gravatar.com\/avatar\/50c9b3466b466f582dbda1af491211e2976b17595f82c18cda4eee2ee098a70a?s=96&d=mm&r=g","contentUrl":"https:\/\/secure.gravatar.com\/avatar\/50c9b3466b466f582dbda1af491211e2976b17595f82c18cda4eee2ee098a70a?s=96&d=mm&r=g","caption":"portalpugmil12"},"description":"Portal Pugmil \u00e9 um canal de informa\u00e7\u00e3o independente, dedicado a levar not\u00edcias com responsabilidade, clareza e imparcialidade \u00e0 popula\u00e7\u00e3o. Atuando com foco nos acontecimentos locais e regionais, o portal busca informar, conscientizar e dar voz \u00e0 comunidade. Nosso compromisso \u00e9 com a verdade e com a credibilidade da informa\u00e7\u00e3o.","sameAs":["http:\/\/portalpugmil.com.br"],"url":"https:\/\/portalpugmil.com.br\/?author=1"}]}},"_links":{"self":[{"href":"https:\/\/portalpugmil.com.br\/index.php?rest_route=\/wp\/v2\/posts\/52","targetHints":{"allow":["GET"]}}],"collection":[{"href":"https:\/\/portalpugmil.com.br\/index.php?rest_route=\/wp\/v2\/posts"}],"about":[{"href":"https:\/\/portalpugmil.com.br\/index.php?rest_route=\/wp\/v2\/types\/post"}],"author":[{"embeddable":true,"href":"https:\/\/portalpugmil.com.br\/index.php?rest_route=\/wp\/v2\/users\/1"}],"replies":[{"embeddable":true,"href":"https:\/\/portalpugmil.com.br\/index.php?rest_route=%2Fwp%2Fv2%2Fcomments&post=52"}],"version-history":[{"count":1,"href":"https:\/\/portalpugmil.com.br\/index.php?rest_route=\/wp\/v2\/posts\/52\/revisions"}],"predecessor-version":[{"id":54,"href":"https:\/\/portalpugmil.com.br\/index.php?rest_route=\/wp\/v2\/posts\/52\/revisions\/54"}],"wp:featuredmedia":[{"embeddable":true,"href":"https:\/\/portalpugmil.com.br\/index.php?rest_route=\/wp\/v2\/media\/53"}],"wp:attachment":[{"href":"https:\/\/portalpugmil.com.br\/index.php?rest_route=%2Fwp%2Fv2%2Fmedia&parent=52"}],"wp:term":[{"taxonomy":"category","embeddable":true,"href":"https:\/\/portalpugmil.com.br\/index.php?rest_route=%2Fwp%2Fv2%2Fcategories&post=52"},{"taxonomy":"post_tag","embeddable":true,"href":"https:\/\/portalpugmil.com.br\/index.php?rest_route=%2Fwp%2Fv2%2Ftags&post=52"}],"curies":[{"name":"wp","href":"https:\/\/api.w.org\/{rel}","templated":true}]}}