{"id":62,"date":"2026-04-28T17:24:15","date_gmt":"2026-04-28T20:24:15","guid":{"rendered":"http:\/\/portalpugmil.com.br\/?p=62"},"modified":"2026-04-29T15:51:41","modified_gmt":"2026-04-29T18:51:41","slug":"pra-cima-tocantins-evento-reune-liderancas-e-marca-nova-fase-politica-no-estado-2","status":"publish","type":"post","link":"https:\/\/portalpugmil.com.br\/?p=62","title":{"rendered":"\u201cPRA CIMA, TOCANTINS\u201d: EVENTO RE\u00daNE LIDERAN\u00c7AS E MARCA NOVA FASE POL\u00cdTICA NO ESTADO.&#8221;"},"content":{"rendered":"\n<figure class=\"wp-block-image size-large\"><img loading=\"lazy\" decoding=\"async\" width=\"1024\" height=\"538\" src=\"http:\/\/portalpugmil.com.br\/wp-content\/uploads\/2026\/04\/1002270883-1-1024x538.png\" alt=\"\" class=\"wp-image-69\" srcset=\"https:\/\/portalpugmil.com.br\/wp-content\/uploads\/2026\/04\/1002270883-1-1024x538.png 1024w, https:\/\/portalpugmil.com.br\/wp-content\/uploads\/2026\/04\/1002270883-1-300x158.png 300w, https:\/\/portalpugmil.com.br\/wp-content\/uploads\/2026\/04\/1002270883-1-768x403.png 768w, https:\/\/portalpugmil.com.br\/wp-content\/uploads\/2026\/04\/1002270883-1-1536x807.png 1536w, https:\/\/portalpugmil.com.br\/wp-content\/uploads\/2026\/04\/1002270883-1.png 1731w\" sizes=\"auto, (max-width: 1024px) 100vw, 1024px\" \/><\/figure>\n\n\n\n<p>Um grande evento pol\u00edtico promete movimentar o cen\u00e1rio do Tocantins no pr\u00f3ximo dia 15 de maio, em Porto Nacional. Com o slogan \u201cPra Cima, Tocantins\u201d, o encontro marcar\u00e1 o lan\u00e7amento de pr\u00e9-candidaturas importantes e deve reunir diversas lideran\u00e7as de todo o pa\u00eds no Centro de Conven\u00e7\u00f5es Comandante Vicent\u00e3o, a partir das 19h.<\/p>\n\n\n\n<p>Entre os nomes confirmados est\u00e1 o da delegada Sarah Lilian, que surge como pr\u00e9-candidata a deputada federal, refor\u00e7ando um discurso voltado \u00e0 seguran\u00e7a p\u00fablica, responsabilidade e representa\u00e7\u00e3o firme em Bras\u00edlia. O evento tamb\u00e9m contar\u00e1 com a presen\u00e7a de outras autoridades pol\u00edticas, fortalecendo o peso e a expectativa em torno do encontro.<\/p>\n\n\n\n<p>A organiza\u00e7\u00e3o destaca que o momento ser\u00e1 mais do que um simples lan\u00e7amento: trata-se de um movimento pol\u00edtico que busca mobilizar apoiadores, consolidar alian\u00e7as e apresentar propostas para o futuro do estado.<\/p>\n\n\n\n<p><\/p>\n","protected":false},"excerpt":{"rendered":"<p>Um grande evento pol\u00edtico promete movimentar o cen\u00e1rio do Tocantins no pr\u00f3ximo dia 15 de maio, em Porto Nacional. Com o slogan \u201cPra Cima, Tocantins\u201d, o encontro marcar\u00e1 o lan\u00e7amento de pr\u00e9-candidaturas importantes e deve reunir diversas lideran\u00e7as de todo o pa\u00eds no Centro de Conven\u00e7\u00f5es Comandante Vicent\u00e3o, a partir das 19h. Entre os nomes [&hellip;]<\/p>\n","protected":false},"author":1,"featured_media":58,"comment_status":"open","ping_status":"open","sticky":false,"template":"","format":"standard","meta":{"_yoast_wpseo_focuskw":"","_yoast_wpseo_metadesc":"","rank_math_focus_keyword":"","rank_math_description":"","footnotes":""},"categories":[3],"tags":[14,13],"class_list":["post-62","post","type-post","status-publish","format-standard","has-post-thumbnail","hentry","category-politica","tag-delegada","tag-delegada-sarah"],"yoast_head":"<!-- This site is optimized with the Yoast SEO plugin v27.5 - https:\/\/yoast.com\/product\/yoast-seo-wordpress\/ -->\n<title>\u201cPRA CIMA, TOCANTINS\u201d: EVENTO RE\u00daNE LIDERAN\u00c7AS E MARCA NOVA FASE POL\u00cdTICA NO ESTADO.&quot; - Portalpugmil<\/title>\n<meta name=\"robots\" content=\"index, follow, max-snippet:-1, max-image-preview:large, max-video-preview:-1\" \/>\n<link rel=\"canonical\" href=\"https:\/\/portalpugmil.com.br\/?p=62\" \/>\n<meta property=\"og:locale\" content=\"pt_BR\" \/>\n<meta property=\"og:type\" content=\"article\" \/>\n<meta property=\"og:title\" content=\"\u201cPra Cima, Tocantins\u201d: evento re\u00fane lideran\u00e7as e movimenta cen\u00e1rio pol\u00edtico no estado\" \/>\n<meta property=\"og:description\" content=\"Encontro acontece dia 15 de maio em Porto Nacional e deve reunir lideran\u00e7as pol\u00edticas de todo o pa\u00eds.\" \/>\n<meta property=\"og:url\" content=\"https:\/\/portalpugmil.com.br\/?p=62\" \/>\n<meta property=\"og:site_name\" content=\"Portalpugmil\" \/>\n<meta property=\"article:published_time\" content=\"2026-04-28T20:24:15+00:00\" \/>\n<meta property=\"article:modified_time\" content=\"2026-04-29T18:51:41+00:00\" \/>\n<meta property=\"og:image\" content=\"http:\/\/portalpugmil.com.br\/wp-content\/uploads\/2026\/04\/1002270883-1024x538.png\" \/>\n\t<meta property=\"og:image:width\" content=\"1024\" \/>\n\t<meta property=\"og:image:height\" content=\"538\" \/>\n\t<meta property=\"og:image:type\" content=\"image\/png\" \/>\n<meta name=\"author\" content=\"portalpugmil12\" \/>\n<meta name=\"twitter:card\" content=\"summary_large_image\" \/>\n<meta name=\"twitter:title\" content=\"\u201cPra Cima, Tocantins\u201d: evento re\u00fane lideran\u00e7as e movimenta cen\u00e1rio pol\u00edtico no estado\" \/>\n<meta name=\"twitter:description\" content=\"Encontro acontece dia 15 de maio em Porto Nacional e deve reunir lideran\u00e7as pol\u00edticas de todo o pa\u00eds.\" \/>\n<meta name=\"twitter:image\" content=\"https:\/\/portalpugmil.com.br\/wp-content\/uploads\/2026\/04\/1002270883.png\" \/>\n<meta name=\"twitter:label1\" content=\"Escrito por\" \/>\n\t<meta name=\"twitter:data1\" content=\"portalpugmil12\" \/>\n\t<meta name=\"twitter:label2\" content=\"Est. tempo de leitura\" \/>\n\t<meta name=\"twitter:data2\" content=\"2 minutos\" \/>\n<script type=\"application\/ld+json\" class=\"yoast-schema-graph\">{\"@context\":\"https:\\\/\\\/schema.org\",\"@graph\":[{\"@type\":\"Article\",\"@id\":\"https:\\\/\\\/portalpugmil.com.br\\\/?p=62#article\",\"isPartOf\":{\"@id\":\"https:\\\/\\\/portalpugmil.com.br\\\/?p=62\"},\"author\":{\"name\":\"portalpugmil12\",\"@id\":\"https:\\\/\\\/portalpugmil.com.br\\\/#\\\/schema\\\/person\\\/773985a66f4a7f46b408c495f438cd1b\"},\"headline\":\"\u201cPRA CIMA, TOCANTINS\u201d: EVENTO RE\u00daNE LIDERAN\u00c7AS E MARCA NOVA FASE POL\u00cdTICA NO ESTADO.&#8221;\",\"datePublished\":\"2026-04-28T20:24:15+00:00\",\"dateModified\":\"2026-04-29T18:51:41+00:00\",\"mainEntityOfPage\":{\"@id\":\"https:\\\/\\\/portalpugmil.com.br\\\/?p=62\"},\"wordCount\":171,\"commentCount\":0,\"image\":{\"@id\":\"https:\\\/\\\/portalpugmil.com.br\\\/?p=62#primaryimage\"},\"thumbnailUrl\":\"https:\\\/\\\/portalpugmil.com.br\\\/wp-content\\\/uploads\\\/2026\\\/04\\\/1002270679.png\",\"keywords\":[\"delegada\",\"delegada sarah\"],\"articleSection\":[\"Pol\u00edtica\"],\"inLanguage\":\"pt-BR\",\"potentialAction\":[{\"@type\":\"CommentAction\",\"name\":\"Comment\",\"target\":[\"https:\\\/\\\/portalpugmil.com.br\\\/?p=62#respond\"]}]},{\"@type\":\"WebPage\",\"@id\":\"https:\\\/\\\/portalpugmil.com.br\\\/?p=62\",\"url\":\"https:\\\/\\\/portalpugmil.com.br\\\/?p=62\",\"name\":\"\u201cPRA CIMA, TOCANTINS\u201d: EVENTO RE\u00daNE LIDERAN\u00c7AS E MARCA NOVA FASE POL\u00cdTICA NO ESTADO.\\\" - Portalpugmil\",\"isPartOf\":{\"@id\":\"https:\\\/\\\/portalpugmil.com.br\\\/#website\"},\"primaryImageOfPage\":{\"@id\":\"https:\\\/\\\/portalpugmil.com.br\\\/?p=62#primaryimage\"},\"image\":{\"@id\":\"https:\\\/\\\/portalpugmil.com.br\\\/?p=62#primaryimage\"},\"thumbnailUrl\":\"https:\\\/\\\/portalpugmil.com.br\\\/wp-content\\\/uploads\\\/2026\\\/04\\\/1002270679.png\",\"datePublished\":\"2026-04-28T20:24:15+00:00\",\"dateModified\":\"2026-04-29T18:51:41+00:00\",\"author\":{\"@id\":\"https:\\\/\\\/portalpugmil.com.br\\\/#\\\/schema\\\/person\\\/773985a66f4a7f46b408c495f438cd1b\"},\"breadcrumb\":{\"@id\":\"https:\\\/\\\/portalpugmil.com.br\\\/?p=62#breadcrumb\"},\"inLanguage\":\"pt-BR\",\"potentialAction\":[{\"@type\":\"ReadAction\",\"target\":[\"https:\\\/\\\/portalpugmil.com.br\\\/?p=62\"]}]},{\"@type\":\"ImageObject\",\"inLanguage\":\"pt-BR\",\"@id\":\"https:\\\/\\\/portalpugmil.com.br\\\/?p=62#primaryimage\",\"url\":\"https:\\\/\\\/portalpugmil.com.br\\\/wp-content\\\/uploads\\\/2026\\\/04\\\/1002270679.png\",\"contentUrl\":\"https:\\\/\\\/portalpugmil.com.br\\\/wp-content\\\/uploads\\\/2026\\\/04\\\/1002270679.png\",\"width\":1024,\"height\":1536,\"caption\":\"\u201cPRA CIMA, TOCANTINS\u201d: EVENTO RE\u00daNE LIDERAN\u00c7AS E MARCA NOVA FASE POL\u00cdTICA NO ESTADO.\\\"\"},{\"@type\":\"BreadcrumbList\",\"@id\":\"https:\\\/\\\/portalpugmil.com.br\\\/?p=62#breadcrumb\",\"itemListElement\":[{\"@type\":\"ListItem\",\"position\":1,\"name\":\"In\u00edcio\",\"item\":\"https:\\\/\\\/portalpugmil.com.br\\\/\"},{\"@type\":\"ListItem\",\"position\":2,\"name\":\"\u201cPRA CIMA, TOCANTINS\u201d: EVENTO RE\u00daNE LIDERAN\u00c7AS E MARCA NOVA FASE POL\u00cdTICA NO ESTADO.&#8221;\"}]},{\"@type\":\"WebSite\",\"@id\":\"https:\\\/\\\/portalpugmil.com.br\\\/#website\",\"url\":\"https:\\\/\\\/portalpugmil.com.br\\\/\",\"name\":\"Portalpugmil\",\"description\":\"\",\"potentialAction\":[{\"@type\":\"SearchAction\",\"target\":{\"@type\":\"EntryPoint\",\"urlTemplate\":\"https:\\\/\\\/portalpugmil.com.br\\\/?s={search_term_string}\"},\"query-input\":{\"@type\":\"PropertyValueSpecification\",\"valueRequired\":true,\"valueName\":\"search_term_string\"}}],\"inLanguage\":\"pt-BR\"},{\"@type\":\"Person\",\"@id\":\"https:\\\/\\\/portalpugmil.com.br\\\/#\\\/schema\\\/person\\\/773985a66f4a7f46b408c495f438cd1b\",\"name\":\"portalpugmil12\",\"image\":{\"@type\":\"ImageObject\",\"inLanguage\":\"pt-BR\",\"@id\":\"https:\\\/\\\/secure.gravatar.com\\\/avatar\\\/50c9b3466b466f582dbda1af491211e2976b17595f82c18cda4eee2ee098a70a?s=96&d=mm&r=g\",\"url\":\"https:\\\/\\\/secure.gravatar.com\\\/avatar\\\/50c9b3466b466f582dbda1af491211e2976b17595f82c18cda4eee2ee098a70a?s=96&d=mm&r=g\",\"contentUrl\":\"https:\\\/\\\/secure.gravatar.com\\\/avatar\\\/50c9b3466b466f582dbda1af491211e2976b17595f82c18cda4eee2ee098a70a?s=96&d=mm&r=g\",\"caption\":\"portalpugmil12\"},\"description\":\"Portal Pugmil \u00e9 um canal de informa\u00e7\u00e3o independente, dedicado a levar not\u00edcias com responsabilidade, clareza e imparcialidade \u00e0 popula\u00e7\u00e3o. Atuando com foco nos acontecimentos locais e regionais, o portal busca informar, conscientizar e dar voz \u00e0 comunidade. Nosso compromisso \u00e9 com a verdade e com a credibilidade da informa\u00e7\u00e3o.\",\"sameAs\":[\"http:\\\/\\\/portalpugmil.com.br\"],\"url\":\"https:\\\/\\\/portalpugmil.com.br\\\/?author=1\"}]}<\/script>\n<!-- \/ Yoast SEO plugin. -->","yoast_head_json":{"title":"\u201cPRA CIMA, TOCANTINS\u201d: EVENTO RE\u00daNE LIDERAN\u00c7AS E MARCA NOVA FASE POL\u00cdTICA NO ESTADO.\" - Portalpugmil","robots":{"index":"index","follow":"follow","max-snippet":"max-snippet:-1","max-image-preview":"max-image-preview:large","max-video-preview":"max-video-preview:-1"},"canonical":"https:\/\/portalpugmil.com.br\/?p=62","og_locale":"pt_BR","og_type":"article","og_title":"\u201cPra Cima, Tocantins\u201d: evento re\u00fane lideran\u00e7as e movimenta cen\u00e1rio pol\u00edtico no estado","og_description":"Encontro acontece dia 15 de maio em Porto Nacional e deve reunir lideran\u00e7as pol\u00edticas de todo o pa\u00eds.","og_url":"https:\/\/portalpugmil.com.br\/?p=62","og_site_name":"Portalpugmil","article_published_time":"2026-04-28T20:24:15+00:00","article_modified_time":"2026-04-29T18:51:41+00:00","og_image":[{"width":1024,"height":538,"url":"http:\/\/portalpugmil.com.br\/wp-content\/uploads\/2026\/04\/1002270883-1024x538.png","type":"image\/png"}],"author":"portalpugmil12","twitter_card":"summary_large_image","twitter_title":"\u201cPra Cima, Tocantins\u201d: evento re\u00fane lideran\u00e7as e movimenta cen\u00e1rio pol\u00edtico no estado","twitter_description":"Encontro acontece dia 15 de maio em Porto Nacional e deve reunir lideran\u00e7as pol\u00edticas de todo o pa\u00eds.","twitter_image":"https:\/\/portalpugmil.com.br\/wp-content\/uploads\/2026\/04\/1002270883.png","twitter_misc":{"Escrito por":"portalpugmil12","Est. tempo de leitura":"2 minutos"},"schema":{"@context":"https:\/\/schema.org","@graph":[{"@type":"Article","@id":"https:\/\/portalpugmil.com.br\/?p=62#article","isPartOf":{"@id":"https:\/\/portalpugmil.com.br\/?p=62"},"author":{"name":"portalpugmil12","@id":"https:\/\/portalpugmil.com.br\/#\/schema\/person\/773985a66f4a7f46b408c495f438cd1b"},"headline":"\u201cPRA CIMA, TOCANTINS\u201d: EVENTO RE\u00daNE LIDERAN\u00c7AS E MARCA NOVA FASE POL\u00cdTICA NO ESTADO.&#8221;","datePublished":"2026-04-28T20:24:15+00:00","dateModified":"2026-04-29T18:51:41+00:00","mainEntityOfPage":{"@id":"https:\/\/portalpugmil.com.br\/?p=62"},"wordCount":171,"commentCount":0,"image":{"@id":"https:\/\/portalpugmil.com.br\/?p=62#primaryimage"},"thumbnailUrl":"https:\/\/portalpugmil.com.br\/wp-content\/uploads\/2026\/04\/1002270679.png","keywords":["delegada","delegada sarah"],"articleSection":["Pol\u00edtica"],"inLanguage":"pt-BR","potentialAction":[{"@type":"CommentAction","name":"Comment","target":["https:\/\/portalpugmil.com.br\/?p=62#respond"]}]},{"@type":"WebPage","@id":"https:\/\/portalpugmil.com.br\/?p=62","url":"https:\/\/portalpugmil.com.br\/?p=62","name":"\u201cPRA CIMA, TOCANTINS\u201d: EVENTO RE\u00daNE LIDERAN\u00c7AS E MARCA NOVA FASE POL\u00cdTICA NO ESTADO.\" - Portalpugmil","isPartOf":{"@id":"https:\/\/portalpugmil.com.br\/#website"},"primaryImageOfPage":{"@id":"https:\/\/portalpugmil.com.br\/?p=62#primaryimage"},"image":{"@id":"https:\/\/portalpugmil.com.br\/?p=62#primaryimage"},"thumbnailUrl":"https:\/\/portalpugmil.com.br\/wp-content\/uploads\/2026\/04\/1002270679.png","datePublished":"2026-04-28T20:24:15+00:00","dateModified":"2026-04-29T18:51:41+00:00","author":{"@id":"https:\/\/portalpugmil.com.br\/#\/schema\/person\/773985a66f4a7f46b408c495f438cd1b"},"breadcrumb":{"@id":"https:\/\/portalpugmil.com.br\/?p=62#breadcrumb"},"inLanguage":"pt-BR","potentialAction":[{"@type":"ReadAction","target":["https:\/\/portalpugmil.com.br\/?p=62"]}]},{"@type":"ImageObject","inLanguage":"pt-BR","@id":"https:\/\/portalpugmil.com.br\/?p=62#primaryimage","url":"https:\/\/portalpugmil.com.br\/wp-content\/uploads\/2026\/04\/1002270679.png","contentUrl":"https:\/\/portalpugmil.com.br\/wp-content\/uploads\/2026\/04\/1002270679.png","width":1024,"height":1536,"caption":"\u201cPRA CIMA, TOCANTINS\u201d: EVENTO RE\u00daNE LIDERAN\u00c7AS E MARCA NOVA FASE POL\u00cdTICA NO ESTADO.\""},{"@type":"BreadcrumbList","@id":"https:\/\/portalpugmil.com.br\/?p=62#breadcrumb","itemListElement":[{"@type":"ListItem","position":1,"name":"In\u00edcio","item":"https:\/\/portalpugmil.com.br\/"},{"@type":"ListItem","position":2,"name":"\u201cPRA CIMA, TOCANTINS\u201d: EVENTO RE\u00daNE LIDERAN\u00c7AS E MARCA NOVA FASE POL\u00cdTICA NO ESTADO.&#8221;"}]},{"@type":"WebSite","@id":"https:\/\/portalpugmil.com.br\/#website","url":"https:\/\/portalpugmil.com.br\/","name":"Portalpugmil","description":"","potentialAction":[{"@type":"SearchAction","target":{"@type":"EntryPoint","urlTemplate":"https:\/\/portalpugmil.com.br\/?s={search_term_string}"},"query-input":{"@type":"PropertyValueSpecification","valueRequired":true,"valueName":"search_term_string"}}],"inLanguage":"pt-BR"},{"@type":"Person","@id":"https:\/\/portalpugmil.com.br\/#\/schema\/person\/773985a66f4a7f46b408c495f438cd1b","name":"portalpugmil12","image":{"@type":"ImageObject","inLanguage":"pt-BR","@id":"https:\/\/secure.gravatar.com\/avatar\/50c9b3466b466f582dbda1af491211e2976b17595f82c18cda4eee2ee098a70a?s=96&d=mm&r=g","url":"https:\/\/secure.gravatar.com\/avatar\/50c9b3466b466f582dbda1af491211e2976b17595f82c18cda4eee2ee098a70a?s=96&d=mm&r=g","contentUrl":"https:\/\/secure.gravatar.com\/avatar\/50c9b3466b466f582dbda1af491211e2976b17595f82c18cda4eee2ee098a70a?s=96&d=mm&r=g","caption":"portalpugmil12"},"description":"Portal Pugmil \u00e9 um canal de informa\u00e7\u00e3o independente, dedicado a levar not\u00edcias com responsabilidade, clareza e imparcialidade \u00e0 popula\u00e7\u00e3o. Atuando com foco nos acontecimentos locais e regionais, o portal busca informar, conscientizar e dar voz \u00e0 comunidade. Nosso compromisso \u00e9 com a verdade e com a credibilidade da informa\u00e7\u00e3o.","sameAs":["http:\/\/portalpugmil.com.br"],"url":"https:\/\/portalpugmil.com.br\/?author=1"}]}},"_links":{"self":[{"href":"https:\/\/portalpugmil.com.br\/index.php?rest_route=\/wp\/v2\/posts\/62","targetHints":{"allow":["GET"]}}],"collection":[{"href":"https:\/\/portalpugmil.com.br\/index.php?rest_route=\/wp\/v2\/posts"}],"about":[{"href":"https:\/\/portalpugmil.com.br\/index.php?rest_route=\/wp\/v2\/types\/post"}],"author":[{"embeddable":true,"href":"https:\/\/portalpugmil.com.br\/index.php?rest_route=\/wp\/v2\/users\/1"}],"replies":[{"embeddable":true,"href":"https:\/\/portalpugmil.com.br\/index.php?rest_route=%2Fwp%2Fv2%2Fcomments&post=62"}],"version-history":[{"count":2,"href":"https:\/\/portalpugmil.com.br\/index.php?rest_route=\/wp\/v2\/posts\/62\/revisions"}],"predecessor-version":[{"id":70,"href":"https:\/\/portalpugmil.com.br\/index.php?rest_route=\/wp\/v2\/posts\/62\/revisions\/70"}],"wp:featuredmedia":[{"embeddable":true,"href":"https:\/\/portalpugmil.com.br\/index.php?rest_route=\/wp\/v2\/media\/58"}],"wp:attachment":[{"href":"https:\/\/portalpugmil.com.br\/index.php?rest_route=%2Fwp%2Fv2%2Fmedia&parent=62"}],"wp:term":[{"taxonomy":"category","embeddable":true,"href":"https:\/\/portalpugmil.com.br\/index.php?rest_route=%2Fwp%2Fv2%2Fcategories&post=62"},{"taxonomy":"post_tag","embeddable":true,"href":"https:\/\/portalpugmil.com.br\/index.php?rest_route=%2Fwp%2Fv2%2Ftags&post=62"}],"curies":[{"name":"wp","href":"https:\/\/api.w.org\/{rel}","templated":true}]}}