{"id":71,"date":"2026-04-28T21:25:06","date_gmt":"2026-04-29T00:25:06","guid":{"rendered":"http:\/\/portalpugmil.com.br\/?p=71"},"modified":"2026-04-29T15:50:44","modified_gmt":"2026-04-29T18:50:44","slug":"coronel-marcio-barbosa-lanca-pre-candidatura-e-destaca-seguranca-como-prioridade","status":"publish","type":"post","link":"https:\/\/portalpugmil.com.br\/?p=71","title":{"rendered":"CORONEL M\u00c1RCIO BARBOSA LAN\u00c7A PR\u00c9-CANDIDATURA E DESTACA SEGURAN\u00c7A COMO PRIORIDADE."},"content":{"rendered":"\n<figure class=\"wp-block-image size-large is-resized\"><img loading=\"lazy\" decoding=\"async\" width=\"1024\" height=\"1024\" src=\"http:\/\/portalpugmil.com.br\/wp-content\/uploads\/2026\/04\/1002271252-1024x1024.png\" alt=\"\" class=\"wp-image-72\" style=\"width:519px;height:auto\" srcset=\"https:\/\/portalpugmil.com.br\/wp-content\/uploads\/2026\/04\/1002271252-1024x1024.png 1024w, https:\/\/portalpugmil.com.br\/wp-content\/uploads\/2026\/04\/1002271252-300x300.png 300w, https:\/\/portalpugmil.com.br\/wp-content\/uploads\/2026\/04\/1002271252-150x150.png 150w, https:\/\/portalpugmil.com.br\/wp-content\/uploads\/2026\/04\/1002271252-768x768.png 768w, https:\/\/portalpugmil.com.br\/wp-content\/uploads\/2026\/04\/1002271252.png 1254w\" sizes=\"auto, (max-width: 1024px) 100vw, 1024px\" \/><\/figure>\n\n\n\n<p>O ex-comandante da Pol\u00edcia Militar do Tocantins, Coronel M\u00e1rcio Ant\u00f4nio Barbosa, anunciou sua pr\u00e9-candidatura a deputado federal durante agenda realizada em Aragua\u00edna, nos dias 27 e 28 deste m\u00eas. O movimento marca sua entrada oficial no cen\u00e1rio pol\u00edtico com foco na seguran\u00e7a p\u00fablica e no desenvolvimento do estado.<\/p>\n\n\n\n<p>Durante encontros com lideran\u00e7as e apoiadores, Barbosa destacou sua trajet\u00f3ria no combate \u00e0 criminalidade e refor\u00e7ou a necessidade de um Tocantins mais seguro. Segundo ele, sua experi\u00eancia \u00e0 frente da Pol\u00edcia Militar ser\u00e1 fundamental para contribuir com pol\u00edticas p\u00fablicas mais eficientes em Bras\u00edlia.<\/p>\n\n\n\n<p>Reconhecido nacionalmente por sua atua\u00e7\u00e3o contra o crime organizado, o coronel ficou marcado por opera\u00e7\u00f5es de grande impacto, como PequiZeiro e Cangu\u00e7u, que se tornaram refer\u00eancia no enfrentamento \u00e0 criminalidade. Sua pr\u00e9-candidatura surge com o discurso de fortalecimento das institui\u00e7\u00f5es e defesa da ordem p\u00fablica.<\/p>\n\n\n\n<p>O evento reuniu diversas lideran\u00e7as pol\u00edticas e refor\u00e7ou o in\u00edcio de articula\u00e7\u00f5es visando as pr\u00f3ximas elei\u00e7\u00f5es, colocando o nome de M\u00e1rcio Barbosa entre os que buscam representar o Tocantins na C\u00e2mara Federal.<\/p>\n\n\n\n<p><\/p>\n","protected":false},"excerpt":{"rendered":"<p>O ex-comandante da Pol\u00edcia Militar do Tocantins, Coronel M\u00e1rcio Ant\u00f4nio Barbosa, anunciou sua pr\u00e9-candidatura a deputado federal durante agenda realizada em Aragua\u00edna, nos dias 27 e 28 deste m\u00eas. O movimento marca sua entrada oficial no cen\u00e1rio pol\u00edtico com foco na seguran\u00e7a p\u00fablica e no desenvolvimento do estado. Durante encontros com lideran\u00e7as e apoiadores, Barbosa [&hellip;]<\/p>\n","protected":false},"author":1,"featured_media":72,"comment_status":"open","ping_status":"open","sticky":false,"template":"","format":"standard","meta":{"_yoast_wpseo_focuskw":"","_yoast_wpseo_metadesc":"","rank_math_focus_keyword":"","rank_math_description":"","footnotes":""},"categories":[3],"tags":[12,11,10],"class_list":["post-71","post","type-post","status-publish","format-standard","has-post-thumbnail","hentry","category-politica","tag-coronel","tag-policial","tag-politica"],"yoast_head":"<!-- This site is optimized with the Yoast SEO plugin v27.5 - https:\/\/yoast.com\/product\/yoast-seo-wordpress\/ -->\n<title>CORONEL M\u00c1RCIO BARBOSA LAN\u00c7A PR\u00c9-CANDIDATURA E DESTACA SEGURAN\u00c7A COMO PRIORIDADE. - Portalpugmil<\/title>\n<meta name=\"robots\" content=\"index, follow, max-snippet:-1, max-image-preview:large, max-video-preview:-1\" \/>\n<link rel=\"canonical\" href=\"https:\/\/portalpugmil.com.br\/?p=71\" \/>\n<meta property=\"og:locale\" content=\"pt_BR\" \/>\n<meta property=\"og:type\" content=\"article\" \/>\n<meta property=\"og:title\" content=\"CORONEL M\u00c1RCIO BARBOSA LAN\u00c7A PR\u00c9-CANDIDATURA E DESTACA SEGURAN\u00c7A COMO PRIORIDADE. - Portalpugmil\" \/>\n<meta property=\"og:description\" content=\"O ex-comandante da Pol\u00edcia Militar do Tocantins, Coronel M\u00e1rcio Ant\u00f4nio Barbosa, anunciou sua pr\u00e9-candidatura a deputado federal durante agenda realizada em Aragua\u00edna, nos dias 27 e 28 deste m\u00eas. O movimento marca sua entrada oficial no cen\u00e1rio pol\u00edtico com foco na seguran\u00e7a p\u00fablica e no desenvolvimento do estado. Durante encontros com lideran\u00e7as e apoiadores, Barbosa [&hellip;]\" \/>\n<meta property=\"og:url\" content=\"https:\/\/portalpugmil.com.br\/?p=71\" \/>\n<meta property=\"og:site_name\" content=\"Portalpugmil\" \/>\n<meta property=\"article:published_time\" content=\"2026-04-29T00:25:06+00:00\" \/>\n<meta property=\"article:modified_time\" content=\"2026-04-29T18:50:44+00:00\" \/>\n<meta property=\"og:image\" content=\"http:\/\/portalpugmil.com.br\/wp-content\/uploads\/2026\/04\/1002271252.png\" \/>\n\t<meta property=\"og:image:width\" content=\"1254\" \/>\n\t<meta property=\"og:image:height\" content=\"1254\" \/>\n\t<meta property=\"og:image:type\" content=\"image\/png\" \/>\n<meta name=\"author\" content=\"portalpugmil12\" \/>\n<meta name=\"twitter:card\" content=\"summary_large_image\" \/>\n<meta name=\"twitter:label1\" content=\"Escrito por\" \/>\n\t<meta name=\"twitter:data1\" content=\"portalpugmil12\" \/>\n\t<meta name=\"twitter:label2\" content=\"Est. tempo de leitura\" \/>\n\t<meta name=\"twitter:data2\" content=\"2 minutos\" \/>\n<script type=\"application\/ld+json\" class=\"yoast-schema-graph\">{\"@context\":\"https:\\\/\\\/schema.org\",\"@graph\":[{\"@type\":\"Article\",\"@id\":\"https:\\\/\\\/portalpugmil.com.br\\\/?p=71#article\",\"isPartOf\":{\"@id\":\"https:\\\/\\\/portalpugmil.com.br\\\/?p=71\"},\"author\":{\"name\":\"portalpugmil12\",\"@id\":\"https:\\\/\\\/portalpugmil.com.br\\\/#\\\/schema\\\/person\\\/773985a66f4a7f46b408c495f438cd1b\"},\"headline\":\"CORONEL M\u00c1RCIO BARBOSA LAN\u00c7A PR\u00c9-CANDIDATURA E DESTACA SEGURAN\u00c7A COMO PRIORIDADE.\",\"datePublished\":\"2026-04-29T00:25:06+00:00\",\"dateModified\":\"2026-04-29T18:50:44+00:00\",\"mainEntityOfPage\":{\"@id\":\"https:\\\/\\\/portalpugmil.com.br\\\/?p=71\"},\"wordCount\":211,\"commentCount\":0,\"image\":{\"@id\":\"https:\\\/\\\/portalpugmil.com.br\\\/?p=71#primaryimage\"},\"thumbnailUrl\":\"https:\\\/\\\/portalpugmil.com.br\\\/wp-content\\\/uploads\\\/2026\\\/04\\\/1002271252.png\",\"keywords\":[\"coronel\",\"policial\",\"politica\"],\"articleSection\":[\"Pol\u00edtica\"],\"inLanguage\":\"pt-BR\",\"potentialAction\":[{\"@type\":\"CommentAction\",\"name\":\"Comment\",\"target\":[\"https:\\\/\\\/portalpugmil.com.br\\\/?p=71#respond\"]}]},{\"@type\":\"WebPage\",\"@id\":\"https:\\\/\\\/portalpugmil.com.br\\\/?p=71\",\"url\":\"https:\\\/\\\/portalpugmil.com.br\\\/?p=71\",\"name\":\"CORONEL M\u00c1RCIO BARBOSA LAN\u00c7A PR\u00c9-CANDIDATURA E DESTACA SEGURAN\u00c7A COMO PRIORIDADE. - Portalpugmil\",\"isPartOf\":{\"@id\":\"https:\\\/\\\/portalpugmil.com.br\\\/#website\"},\"primaryImageOfPage\":{\"@id\":\"https:\\\/\\\/portalpugmil.com.br\\\/?p=71#primaryimage\"},\"image\":{\"@id\":\"https:\\\/\\\/portalpugmil.com.br\\\/?p=71#primaryimage\"},\"thumbnailUrl\":\"https:\\\/\\\/portalpugmil.com.br\\\/wp-content\\\/uploads\\\/2026\\\/04\\\/1002271252.png\",\"datePublished\":\"2026-04-29T00:25:06+00:00\",\"dateModified\":\"2026-04-29T18:50:44+00:00\",\"author\":{\"@id\":\"https:\\\/\\\/portalpugmil.com.br\\\/#\\\/schema\\\/person\\\/773985a66f4a7f46b408c495f438cd1b\"},\"breadcrumb\":{\"@id\":\"https:\\\/\\\/portalpugmil.com.br\\\/?p=71#breadcrumb\"},\"inLanguage\":\"pt-BR\",\"potentialAction\":[{\"@type\":\"ReadAction\",\"target\":[\"https:\\\/\\\/portalpugmil.com.br\\\/?p=71\"]}]},{\"@type\":\"ImageObject\",\"inLanguage\":\"pt-BR\",\"@id\":\"https:\\\/\\\/portalpugmil.com.br\\\/?p=71#primaryimage\",\"url\":\"https:\\\/\\\/portalpugmil.com.br\\\/wp-content\\\/uploads\\\/2026\\\/04\\\/1002271252.png\",\"contentUrl\":\"https:\\\/\\\/portalpugmil.com.br\\\/wp-content\\\/uploads\\\/2026\\\/04\\\/1002271252.png\",\"width\":1254,\"height\":1254,\"caption\":\"CORONEL M\u00c1RCIO BARBOSA LAN\u00c7A PR\u00c9-CANDIDATURA E DESTACA SEGURAN\u00c7A COMO PRIORIDADE.\"},{\"@type\":\"BreadcrumbList\",\"@id\":\"https:\\\/\\\/portalpugmil.com.br\\\/?p=71#breadcrumb\",\"itemListElement\":[{\"@type\":\"ListItem\",\"position\":1,\"name\":\"In\u00edcio\",\"item\":\"https:\\\/\\\/portalpugmil.com.br\\\/\"},{\"@type\":\"ListItem\",\"position\":2,\"name\":\"CORONEL M\u00c1RCIO BARBOSA LAN\u00c7A PR\u00c9-CANDIDATURA E DESTACA SEGURAN\u00c7A COMO PRIORIDADE.\"}]},{\"@type\":\"WebSite\",\"@id\":\"https:\\\/\\\/portalpugmil.com.br\\\/#website\",\"url\":\"https:\\\/\\\/portalpugmil.com.br\\\/\",\"name\":\"Portalpugmil\",\"description\":\"\",\"potentialAction\":[{\"@type\":\"SearchAction\",\"target\":{\"@type\":\"EntryPoint\",\"urlTemplate\":\"https:\\\/\\\/portalpugmil.com.br\\\/?s={search_term_string}\"},\"query-input\":{\"@type\":\"PropertyValueSpecification\",\"valueRequired\":true,\"valueName\":\"search_term_string\"}}],\"inLanguage\":\"pt-BR\"},{\"@type\":\"Person\",\"@id\":\"https:\\\/\\\/portalpugmil.com.br\\\/#\\\/schema\\\/person\\\/773985a66f4a7f46b408c495f438cd1b\",\"name\":\"portalpugmil12\",\"image\":{\"@type\":\"ImageObject\",\"inLanguage\":\"pt-BR\",\"@id\":\"https:\\\/\\\/secure.gravatar.com\\\/avatar\\\/50c9b3466b466f582dbda1af491211e2976b17595f82c18cda4eee2ee098a70a?s=96&d=mm&r=g\",\"url\":\"https:\\\/\\\/secure.gravatar.com\\\/avatar\\\/50c9b3466b466f582dbda1af491211e2976b17595f82c18cda4eee2ee098a70a?s=96&d=mm&r=g\",\"contentUrl\":\"https:\\\/\\\/secure.gravatar.com\\\/avatar\\\/50c9b3466b466f582dbda1af491211e2976b17595f82c18cda4eee2ee098a70a?s=96&d=mm&r=g\",\"caption\":\"portalpugmil12\"},\"description\":\"Portal Pugmil \u00e9 um canal de informa\u00e7\u00e3o independente, dedicado a levar not\u00edcias com responsabilidade, clareza e imparcialidade \u00e0 popula\u00e7\u00e3o. Atuando com foco nos acontecimentos locais e regionais, o portal busca informar, conscientizar e dar voz \u00e0 comunidade. Nosso compromisso \u00e9 com a verdade e com a credibilidade da informa\u00e7\u00e3o.\",\"sameAs\":[\"http:\\\/\\\/portalpugmil.com.br\"],\"url\":\"https:\\\/\\\/portalpugmil.com.br\\\/?author=1\"}]}<\/script>\n<!-- \/ Yoast SEO plugin. -->","yoast_head_json":{"title":"CORONEL M\u00c1RCIO BARBOSA LAN\u00c7A PR\u00c9-CANDIDATURA E DESTACA SEGURAN\u00c7A COMO PRIORIDADE. - Portalpugmil","robots":{"index":"index","follow":"follow","max-snippet":"max-snippet:-1","max-image-preview":"max-image-preview:large","max-video-preview":"max-video-preview:-1"},"canonical":"https:\/\/portalpugmil.com.br\/?p=71","og_locale":"pt_BR","og_type":"article","og_title":"CORONEL M\u00c1RCIO BARBOSA LAN\u00c7A PR\u00c9-CANDIDATURA E DESTACA SEGURAN\u00c7A COMO PRIORIDADE. - Portalpugmil","og_description":"O ex-comandante da Pol\u00edcia Militar do Tocantins, Coronel M\u00e1rcio Ant\u00f4nio Barbosa, anunciou sua pr\u00e9-candidatura a deputado federal durante agenda realizada em Aragua\u00edna, nos dias 27 e 28 deste m\u00eas. O movimento marca sua entrada oficial no cen\u00e1rio pol\u00edtico com foco na seguran\u00e7a p\u00fablica e no desenvolvimento do estado. Durante encontros com lideran\u00e7as e apoiadores, Barbosa [&hellip;]","og_url":"https:\/\/portalpugmil.com.br\/?p=71","og_site_name":"Portalpugmil","article_published_time":"2026-04-29T00:25:06+00:00","article_modified_time":"2026-04-29T18:50:44+00:00","og_image":[{"width":1254,"height":1254,"url":"http:\/\/portalpugmil.com.br\/wp-content\/uploads\/2026\/04\/1002271252.png","type":"image\/png"}],"author":"portalpugmil12","twitter_card":"summary_large_image","twitter_misc":{"Escrito por":"portalpugmil12","Est. tempo de leitura":"2 minutos"},"schema":{"@context":"https:\/\/schema.org","@graph":[{"@type":"Article","@id":"https:\/\/portalpugmil.com.br\/?p=71#article","isPartOf":{"@id":"https:\/\/portalpugmil.com.br\/?p=71"},"author":{"name":"portalpugmil12","@id":"https:\/\/portalpugmil.com.br\/#\/schema\/person\/773985a66f4a7f46b408c495f438cd1b"},"headline":"CORONEL M\u00c1RCIO BARBOSA LAN\u00c7A PR\u00c9-CANDIDATURA E DESTACA SEGURAN\u00c7A COMO PRIORIDADE.","datePublished":"2026-04-29T00:25:06+00:00","dateModified":"2026-04-29T18:50:44+00:00","mainEntityOfPage":{"@id":"https:\/\/portalpugmil.com.br\/?p=71"},"wordCount":211,"commentCount":0,"image":{"@id":"https:\/\/portalpugmil.com.br\/?p=71#primaryimage"},"thumbnailUrl":"https:\/\/portalpugmil.com.br\/wp-content\/uploads\/2026\/04\/1002271252.png","keywords":["coronel","policial","politica"],"articleSection":["Pol\u00edtica"],"inLanguage":"pt-BR","potentialAction":[{"@type":"CommentAction","name":"Comment","target":["https:\/\/portalpugmil.com.br\/?p=71#respond"]}]},{"@type":"WebPage","@id":"https:\/\/portalpugmil.com.br\/?p=71","url":"https:\/\/portalpugmil.com.br\/?p=71","name":"CORONEL M\u00c1RCIO BARBOSA LAN\u00c7A PR\u00c9-CANDIDATURA E DESTACA SEGURAN\u00c7A COMO PRIORIDADE. - Portalpugmil","isPartOf":{"@id":"https:\/\/portalpugmil.com.br\/#website"},"primaryImageOfPage":{"@id":"https:\/\/portalpugmil.com.br\/?p=71#primaryimage"},"image":{"@id":"https:\/\/portalpugmil.com.br\/?p=71#primaryimage"},"thumbnailUrl":"https:\/\/portalpugmil.com.br\/wp-content\/uploads\/2026\/04\/1002271252.png","datePublished":"2026-04-29T00:25:06+00:00","dateModified":"2026-04-29T18:50:44+00:00","author":{"@id":"https:\/\/portalpugmil.com.br\/#\/schema\/person\/773985a66f4a7f46b408c495f438cd1b"},"breadcrumb":{"@id":"https:\/\/portalpugmil.com.br\/?p=71#breadcrumb"},"inLanguage":"pt-BR","potentialAction":[{"@type":"ReadAction","target":["https:\/\/portalpugmil.com.br\/?p=71"]}]},{"@type":"ImageObject","inLanguage":"pt-BR","@id":"https:\/\/portalpugmil.com.br\/?p=71#primaryimage","url":"https:\/\/portalpugmil.com.br\/wp-content\/uploads\/2026\/04\/1002271252.png","contentUrl":"https:\/\/portalpugmil.com.br\/wp-content\/uploads\/2026\/04\/1002271252.png","width":1254,"height":1254,"caption":"CORONEL M\u00c1RCIO BARBOSA LAN\u00c7A PR\u00c9-CANDIDATURA E DESTACA SEGURAN\u00c7A COMO PRIORIDADE."},{"@type":"BreadcrumbList","@id":"https:\/\/portalpugmil.com.br\/?p=71#breadcrumb","itemListElement":[{"@type":"ListItem","position":1,"name":"In\u00edcio","item":"https:\/\/portalpugmil.com.br\/"},{"@type":"ListItem","position":2,"name":"CORONEL M\u00c1RCIO BARBOSA LAN\u00c7A PR\u00c9-CANDIDATURA E DESTACA SEGURAN\u00c7A COMO PRIORIDADE."}]},{"@type":"WebSite","@id":"https:\/\/portalpugmil.com.br\/#website","url":"https:\/\/portalpugmil.com.br\/","name":"Portalpugmil","description":"","potentialAction":[{"@type":"SearchAction","target":{"@type":"EntryPoint","urlTemplate":"https:\/\/portalpugmil.com.br\/?s={search_term_string}"},"query-input":{"@type":"PropertyValueSpecification","valueRequired":true,"valueName":"search_term_string"}}],"inLanguage":"pt-BR"},{"@type":"Person","@id":"https:\/\/portalpugmil.com.br\/#\/schema\/person\/773985a66f4a7f46b408c495f438cd1b","name":"portalpugmil12","image":{"@type":"ImageObject","inLanguage":"pt-BR","@id":"https:\/\/secure.gravatar.com\/avatar\/50c9b3466b466f582dbda1af491211e2976b17595f82c18cda4eee2ee098a70a?s=96&d=mm&r=g","url":"https:\/\/secure.gravatar.com\/avatar\/50c9b3466b466f582dbda1af491211e2976b17595f82c18cda4eee2ee098a70a?s=96&d=mm&r=g","contentUrl":"https:\/\/secure.gravatar.com\/avatar\/50c9b3466b466f582dbda1af491211e2976b17595f82c18cda4eee2ee098a70a?s=96&d=mm&r=g","caption":"portalpugmil12"},"description":"Portal Pugmil \u00e9 um canal de informa\u00e7\u00e3o independente, dedicado a levar not\u00edcias com responsabilidade, clareza e imparcialidade \u00e0 popula\u00e7\u00e3o. Atuando com foco nos acontecimentos locais e regionais, o portal busca informar, conscientizar e dar voz \u00e0 comunidade. Nosso compromisso \u00e9 com a verdade e com a credibilidade da informa\u00e7\u00e3o.","sameAs":["http:\/\/portalpugmil.com.br"],"url":"https:\/\/portalpugmil.com.br\/?author=1"}]}},"_links":{"self":[{"href":"https:\/\/portalpugmil.com.br\/index.php?rest_route=\/wp\/v2\/posts\/71","targetHints":{"allow":["GET"]}}],"collection":[{"href":"https:\/\/portalpugmil.com.br\/index.php?rest_route=\/wp\/v2\/posts"}],"about":[{"href":"https:\/\/portalpugmil.com.br\/index.php?rest_route=\/wp\/v2\/types\/post"}],"author":[{"embeddable":true,"href":"https:\/\/portalpugmil.com.br\/index.php?rest_route=\/wp\/v2\/users\/1"}],"replies":[{"embeddable":true,"href":"https:\/\/portalpugmil.com.br\/index.php?rest_route=%2Fwp%2Fv2%2Fcomments&post=71"}],"version-history":[{"count":2,"href":"https:\/\/portalpugmil.com.br\/index.php?rest_route=\/wp\/v2\/posts\/71\/revisions"}],"predecessor-version":[{"id":74,"href":"https:\/\/portalpugmil.com.br\/index.php?rest_route=\/wp\/v2\/posts\/71\/revisions\/74"}],"wp:featuredmedia":[{"embeddable":true,"href":"https:\/\/portalpugmil.com.br\/index.php?rest_route=\/wp\/v2\/media\/72"}],"wp:attachment":[{"href":"https:\/\/portalpugmil.com.br\/index.php?rest_route=%2Fwp%2Fv2%2Fmedia&parent=71"}],"wp:term":[{"taxonomy":"category","embeddable":true,"href":"https:\/\/portalpugmil.com.br\/index.php?rest_route=%2Fwp%2Fv2%2Fcategories&post=71"},{"taxonomy":"post_tag","embeddable":true,"href":"https:\/\/portalpugmil.com.br\/index.php?rest_route=%2Fwp%2Fv2%2Ftags&post=71"}],"curies":[{"name":"wp","href":"https:\/\/api.w.org\/{rel}","templated":true}]}}