{"id":86,"date":"2026-04-29T10:31:16","date_gmt":"2026-04-29T13:31:16","guid":{"rendered":"https:\/\/portalpugmil.com.br\/?p=86"},"modified":"2026-04-29T10:34:20","modified_gmt":"2026-04-29T13:34:20","slug":"acidente-com-tres-veiculos-na-avenida-jk-causa-transtornos-em-palmas","status":"publish","type":"post","link":"https:\/\/portalpugmil.com.br\/?p=86","title":{"rendered":"ACIDENTE COM TR\u00caS VE\u00cdCULOS NA AVENIDA JK CAUSA TRANSTORNOS EM PALMAS."},"content":{"rendered":"\n<figure class=\"wp-block-image size-large\"><img loading=\"lazy\" decoding=\"async\" width=\"1024\" height=\"576\" src=\"https:\/\/portalpugmil.com.br\/wp-content\/uploads\/2026\/04\/WhatsApp-Image-2026-04-29-at-10.25.55-1-1024x576.jpeg\" alt=\"\" class=\"wp-image-87\" srcset=\"https:\/\/portalpugmil.com.br\/wp-content\/uploads\/2026\/04\/WhatsApp-Image-2026-04-29-at-10.25.55-1-1024x576.jpeg 1024w, https:\/\/portalpugmil.com.br\/wp-content\/uploads\/2026\/04\/WhatsApp-Image-2026-04-29-at-10.25.55-1-300x169.jpeg 300w, https:\/\/portalpugmil.com.br\/wp-content\/uploads\/2026\/04\/WhatsApp-Image-2026-04-29-at-10.25.55-1-768x432.jpeg 768w, https:\/\/portalpugmil.com.br\/wp-content\/uploads\/2026\/04\/WhatsApp-Image-2026-04-29-at-10.25.55-1-1536x864.jpeg 1536w, https:\/\/portalpugmil.com.br\/wp-content\/uploads\/2026\/04\/WhatsApp-Image-2026-04-29-at-10.25.55-1.jpeg 1600w\" sizes=\"auto, (max-width: 1024px) 100vw, 1024px\" \/><\/figure>\n\n\n\n<p>Um acidente de tr\u00e2nsito envolvendo tr\u00eas ve\u00edculos foi registrado na tarde da \u00faltima segunda-feira (27), na Avenida JK, sa\u00edda para Lajeado, em Palmas. A ocorr\u00eancia causou transtornos no tr\u00e1fego da regi\u00e3o, mas, segundo informa\u00e7\u00f5es, houve apenas danos materiais.<\/p>\n\n\n\n<p>De acordo com relatos, o acidente teve in\u00edcio quando a condutora de um dos ve\u00edculos parou na faixa de pedestre e acabou sendo atingida na traseira por outro autom\u00f3vel. Na sequ\u00eancia, uma caminhonete tamb\u00e9m se envolveu na colis\u00e3o, possivelmente devido \u00e0 falta de aten\u00e7\u00e3o do motorista no momento do ocorrido.<\/p>\n\n\n\n<p>Apesar do susto, n\u00e3o h\u00e1 registro de feridos graves. O caso refor\u00e7a o alerta para que motoristas redobrem a aten\u00e7\u00e3o no tr\u00e2nsito, especialmente em \u00e1reas com faixa de pedestres, onde a redu\u00e7\u00e3o de velocidade e a prud\u00eancia s\u00e3o essenciais para evitar acidentes.<\/p>\n","protected":false},"excerpt":{"rendered":"<p>Um acidente de tr\u00e2nsito envolvendo tr\u00eas ve\u00edculos foi registrado na tarde da \u00faltima segunda-feira (27), na Avenida JK, sa\u00edda para Lajeado, em Palmas. A ocorr\u00eancia causou transtornos no tr\u00e1fego da regi\u00e3o, mas, segundo informa\u00e7\u00f5es, houve apenas danos materiais. De acordo com relatos, o acidente teve in\u00edcio quando a condutora de um dos ve\u00edculos parou na [&hellip;]<\/p>\n","protected":false},"author":1,"featured_media":87,"comment_status":"open","ping_status":"open","sticky":false,"template":"","format":"standard","meta":{"_yoast_wpseo_focuskw":"","_yoast_wpseo_metadesc":"","rank_math_focus_keyword":"","rank_math_description":"","footnotes":""},"categories":[6],"tags":[],"class_list":["post-86","post","type-post","status-publish","format-standard","has-post-thumbnail","hentry","category-regional"],"yoast_head":"<!-- This site is optimized with the Yoast SEO plugin v27.5 - https:\/\/yoast.com\/product\/yoast-seo-wordpress\/ -->\n<title>ACIDENTE COM TR\u00caS VE\u00cdCULOS NA AVENIDA JK CAUSA TRANSTORNOS EM PALMAS. - Portalpugmil<\/title>\n<meta name=\"robots\" content=\"index, follow, max-snippet:-1, max-image-preview:large, max-video-preview:-1\" \/>\n<link rel=\"canonical\" href=\"https:\/\/portalpugmil.com.br\/?p=86\" \/>\n<meta property=\"og:locale\" content=\"pt_BR\" \/>\n<meta property=\"og:type\" content=\"article\" \/>\n<meta property=\"og:title\" content=\"ACIDENTE COM TR\u00caS VE\u00cdCULOS NA AVENIDA JK CAUSA TRANSTORNOS EM PALMAS. - Portalpugmil\" \/>\n<meta property=\"og:description\" content=\"Um acidente de tr\u00e2nsito envolvendo tr\u00eas ve\u00edculos foi registrado na tarde da \u00faltima segunda-feira (27), na Avenida JK, sa\u00edda para Lajeado, em Palmas. A ocorr\u00eancia causou transtornos no tr\u00e1fego da regi\u00e3o, mas, segundo informa\u00e7\u00f5es, houve apenas danos materiais. De acordo com relatos, o acidente teve in\u00edcio quando a condutora de um dos ve\u00edculos parou na [&hellip;]\" \/>\n<meta property=\"og:url\" content=\"https:\/\/portalpugmil.com.br\/?p=86\" \/>\n<meta property=\"og:site_name\" content=\"Portalpugmil\" \/>\n<meta property=\"article:published_time\" content=\"2026-04-29T13:31:16+00:00\" \/>\n<meta property=\"article:modified_time\" content=\"2026-04-29T13:34:20+00:00\" \/>\n<meta property=\"og:image\" content=\"http:\/\/portalpugmil.com.br\/wp-content\/uploads\/2026\/04\/WhatsApp-Image-2026-04-29-at-10.25.55-1.jpeg\" \/>\n\t<meta property=\"og:image:width\" content=\"1600\" \/>\n\t<meta property=\"og:image:height\" content=\"900\" \/>\n\t<meta property=\"og:image:type\" content=\"image\/jpeg\" \/>\n<meta name=\"author\" content=\"portalpugmil12\" \/>\n<meta name=\"twitter:card\" content=\"summary_large_image\" \/>\n<meta name=\"twitter:label1\" content=\"Escrito por\" \/>\n\t<meta name=\"twitter:data1\" content=\"portalpugmil12\" \/>\n\t<meta name=\"twitter:label2\" content=\"Est. tempo de leitura\" \/>\n\t<meta name=\"twitter:data2\" content=\"2 minutos\" \/>\n<script type=\"application\/ld+json\" class=\"yoast-schema-graph\">{\"@context\":\"https:\\\/\\\/schema.org\",\"@graph\":[{\"@type\":\"Article\",\"@id\":\"https:\\\/\\\/portalpugmil.com.br\\\/?p=86#article\",\"isPartOf\":{\"@id\":\"https:\\\/\\\/portalpugmil.com.br\\\/?p=86\"},\"author\":{\"name\":\"portalpugmil12\",\"@id\":\"https:\\\/\\\/portalpugmil.com.br\\\/#\\\/schema\\\/person\\\/773985a66f4a7f46b408c495f438cd1b\"},\"headline\":\"ACIDENTE COM TR\u00caS VE\u00cdCULOS NA AVENIDA JK CAUSA TRANSTORNOS EM PALMAS.\",\"datePublished\":\"2026-04-29T13:31:16+00:00\",\"dateModified\":\"2026-04-29T13:34:20+00:00\",\"mainEntityOfPage\":{\"@id\":\"https:\\\/\\\/portalpugmil.com.br\\\/?p=86\"},\"wordCount\":163,\"commentCount\":0,\"image\":{\"@id\":\"https:\\\/\\\/portalpugmil.com.br\\\/?p=86#primaryimage\"},\"thumbnailUrl\":\"https:\\\/\\\/portalpugmil.com.br\\\/wp-content\\\/uploads\\\/2026\\\/04\\\/WhatsApp-Image-2026-04-29-at-10.25.55-1.jpeg\",\"articleSection\":[\"Regional\"],\"inLanguage\":\"pt-BR\",\"potentialAction\":[{\"@type\":\"CommentAction\",\"name\":\"Comment\",\"target\":[\"https:\\\/\\\/portalpugmil.com.br\\\/?p=86#respond\"]}]},{\"@type\":\"WebPage\",\"@id\":\"https:\\\/\\\/portalpugmil.com.br\\\/?p=86\",\"url\":\"https:\\\/\\\/portalpugmil.com.br\\\/?p=86\",\"name\":\"ACIDENTE COM TR\u00caS VE\u00cdCULOS NA AVENIDA JK CAUSA TRANSTORNOS EM PALMAS. - Portalpugmil\",\"isPartOf\":{\"@id\":\"https:\\\/\\\/portalpugmil.com.br\\\/#website\"},\"primaryImageOfPage\":{\"@id\":\"https:\\\/\\\/portalpugmil.com.br\\\/?p=86#primaryimage\"},\"image\":{\"@id\":\"https:\\\/\\\/portalpugmil.com.br\\\/?p=86#primaryimage\"},\"thumbnailUrl\":\"https:\\\/\\\/portalpugmil.com.br\\\/wp-content\\\/uploads\\\/2026\\\/04\\\/WhatsApp-Image-2026-04-29-at-10.25.55-1.jpeg\",\"datePublished\":\"2026-04-29T13:31:16+00:00\",\"dateModified\":\"2026-04-29T13:34:20+00:00\",\"author\":{\"@id\":\"https:\\\/\\\/portalpugmil.com.br\\\/#\\\/schema\\\/person\\\/773985a66f4a7f46b408c495f438cd1b\"},\"breadcrumb\":{\"@id\":\"https:\\\/\\\/portalpugmil.com.br\\\/?p=86#breadcrumb\"},\"inLanguage\":\"pt-BR\",\"potentialAction\":[{\"@type\":\"ReadAction\",\"target\":[\"https:\\\/\\\/portalpugmil.com.br\\\/?p=86\"]}]},{\"@type\":\"ImageObject\",\"inLanguage\":\"pt-BR\",\"@id\":\"https:\\\/\\\/portalpugmil.com.br\\\/?p=86#primaryimage\",\"url\":\"https:\\\/\\\/portalpugmil.com.br\\\/wp-content\\\/uploads\\\/2026\\\/04\\\/WhatsApp-Image-2026-04-29-at-10.25.55-1.jpeg\",\"contentUrl\":\"https:\\\/\\\/portalpugmil.com.br\\\/wp-content\\\/uploads\\\/2026\\\/04\\\/WhatsApp-Image-2026-04-29-at-10.25.55-1.jpeg\",\"width\":1600,\"height\":900,\"caption\":\"ACIDENTE COM TR\u00caS VE\u00cdCULOS NA AVENIDA JK CAUSA TRANSTORNOS EM PALMAS.\"},{\"@type\":\"BreadcrumbList\",\"@id\":\"https:\\\/\\\/portalpugmil.com.br\\\/?p=86#breadcrumb\",\"itemListElement\":[{\"@type\":\"ListItem\",\"position\":1,\"name\":\"In\u00edcio\",\"item\":\"https:\\\/\\\/portalpugmil.com.br\\\/\"},{\"@type\":\"ListItem\",\"position\":2,\"name\":\"ACIDENTE COM TR\u00caS VE\u00cdCULOS NA AVENIDA JK CAUSA TRANSTORNOS EM PALMAS.\"}]},{\"@type\":\"WebSite\",\"@id\":\"https:\\\/\\\/portalpugmil.com.br\\\/#website\",\"url\":\"https:\\\/\\\/portalpugmil.com.br\\\/\",\"name\":\"Portalpugmil\",\"description\":\"\",\"potentialAction\":[{\"@type\":\"SearchAction\",\"target\":{\"@type\":\"EntryPoint\",\"urlTemplate\":\"https:\\\/\\\/portalpugmil.com.br\\\/?s={search_term_string}\"},\"query-input\":{\"@type\":\"PropertyValueSpecification\",\"valueRequired\":true,\"valueName\":\"search_term_string\"}}],\"inLanguage\":\"pt-BR\"},{\"@type\":\"Person\",\"@id\":\"https:\\\/\\\/portalpugmil.com.br\\\/#\\\/schema\\\/person\\\/773985a66f4a7f46b408c495f438cd1b\",\"name\":\"portalpugmil12\",\"image\":{\"@type\":\"ImageObject\",\"inLanguage\":\"pt-BR\",\"@id\":\"https:\\\/\\\/secure.gravatar.com\\\/avatar\\\/50c9b3466b466f582dbda1af491211e2976b17595f82c18cda4eee2ee098a70a?s=96&d=mm&r=g\",\"url\":\"https:\\\/\\\/secure.gravatar.com\\\/avatar\\\/50c9b3466b466f582dbda1af491211e2976b17595f82c18cda4eee2ee098a70a?s=96&d=mm&r=g\",\"contentUrl\":\"https:\\\/\\\/secure.gravatar.com\\\/avatar\\\/50c9b3466b466f582dbda1af491211e2976b17595f82c18cda4eee2ee098a70a?s=96&d=mm&r=g\",\"caption\":\"portalpugmil12\"},\"description\":\"Portal Pugmil \u00e9 um canal de informa\u00e7\u00e3o independente, dedicado a levar not\u00edcias com responsabilidade, clareza e imparcialidade \u00e0 popula\u00e7\u00e3o. Atuando com foco nos acontecimentos locais e regionais, o portal busca informar, conscientizar e dar voz \u00e0 comunidade. Nosso compromisso \u00e9 com a verdade e com a credibilidade da informa\u00e7\u00e3o.\",\"sameAs\":[\"http:\\\/\\\/portalpugmil.com.br\"],\"url\":\"https:\\\/\\\/portalpugmil.com.br\\\/?author=1\"}]}<\/script>\n<!-- \/ Yoast SEO plugin. -->","yoast_head_json":{"title":"ACIDENTE COM TR\u00caS VE\u00cdCULOS NA AVENIDA JK CAUSA TRANSTORNOS EM PALMAS. - Portalpugmil","robots":{"index":"index","follow":"follow","max-snippet":"max-snippet:-1","max-image-preview":"max-image-preview:large","max-video-preview":"max-video-preview:-1"},"canonical":"https:\/\/portalpugmil.com.br\/?p=86","og_locale":"pt_BR","og_type":"article","og_title":"ACIDENTE COM TR\u00caS VE\u00cdCULOS NA AVENIDA JK CAUSA TRANSTORNOS EM PALMAS. - Portalpugmil","og_description":"Um acidente de tr\u00e2nsito envolvendo tr\u00eas ve\u00edculos foi registrado na tarde da \u00faltima segunda-feira (27), na Avenida JK, sa\u00edda para Lajeado, em Palmas. A ocorr\u00eancia causou transtornos no tr\u00e1fego da regi\u00e3o, mas, segundo informa\u00e7\u00f5es, houve apenas danos materiais. De acordo com relatos, o acidente teve in\u00edcio quando a condutora de um dos ve\u00edculos parou na [&hellip;]","og_url":"https:\/\/portalpugmil.com.br\/?p=86","og_site_name":"Portalpugmil","article_published_time":"2026-04-29T13:31:16+00:00","article_modified_time":"2026-04-29T13:34:20+00:00","og_image":[{"width":1600,"height":900,"url":"http:\/\/portalpugmil.com.br\/wp-content\/uploads\/2026\/04\/WhatsApp-Image-2026-04-29-at-10.25.55-1.jpeg","type":"image\/jpeg"}],"author":"portalpugmil12","twitter_card":"summary_large_image","twitter_misc":{"Escrito por":"portalpugmil12","Est. tempo de leitura":"2 minutos"},"schema":{"@context":"https:\/\/schema.org","@graph":[{"@type":"Article","@id":"https:\/\/portalpugmil.com.br\/?p=86#article","isPartOf":{"@id":"https:\/\/portalpugmil.com.br\/?p=86"},"author":{"name":"portalpugmil12","@id":"https:\/\/portalpugmil.com.br\/#\/schema\/person\/773985a66f4a7f46b408c495f438cd1b"},"headline":"ACIDENTE COM TR\u00caS VE\u00cdCULOS NA AVENIDA JK CAUSA TRANSTORNOS EM PALMAS.","datePublished":"2026-04-29T13:31:16+00:00","dateModified":"2026-04-29T13:34:20+00:00","mainEntityOfPage":{"@id":"https:\/\/portalpugmil.com.br\/?p=86"},"wordCount":163,"commentCount":0,"image":{"@id":"https:\/\/portalpugmil.com.br\/?p=86#primaryimage"},"thumbnailUrl":"https:\/\/portalpugmil.com.br\/wp-content\/uploads\/2026\/04\/WhatsApp-Image-2026-04-29-at-10.25.55-1.jpeg","articleSection":["Regional"],"inLanguage":"pt-BR","potentialAction":[{"@type":"CommentAction","name":"Comment","target":["https:\/\/portalpugmil.com.br\/?p=86#respond"]}]},{"@type":"WebPage","@id":"https:\/\/portalpugmil.com.br\/?p=86","url":"https:\/\/portalpugmil.com.br\/?p=86","name":"ACIDENTE COM TR\u00caS VE\u00cdCULOS NA AVENIDA JK CAUSA TRANSTORNOS EM PALMAS. - Portalpugmil","isPartOf":{"@id":"https:\/\/portalpugmil.com.br\/#website"},"primaryImageOfPage":{"@id":"https:\/\/portalpugmil.com.br\/?p=86#primaryimage"},"image":{"@id":"https:\/\/portalpugmil.com.br\/?p=86#primaryimage"},"thumbnailUrl":"https:\/\/portalpugmil.com.br\/wp-content\/uploads\/2026\/04\/WhatsApp-Image-2026-04-29-at-10.25.55-1.jpeg","datePublished":"2026-04-29T13:31:16+00:00","dateModified":"2026-04-29T13:34:20+00:00","author":{"@id":"https:\/\/portalpugmil.com.br\/#\/schema\/person\/773985a66f4a7f46b408c495f438cd1b"},"breadcrumb":{"@id":"https:\/\/portalpugmil.com.br\/?p=86#breadcrumb"},"inLanguage":"pt-BR","potentialAction":[{"@type":"ReadAction","target":["https:\/\/portalpugmil.com.br\/?p=86"]}]},{"@type":"ImageObject","inLanguage":"pt-BR","@id":"https:\/\/portalpugmil.com.br\/?p=86#primaryimage","url":"https:\/\/portalpugmil.com.br\/wp-content\/uploads\/2026\/04\/WhatsApp-Image-2026-04-29-at-10.25.55-1.jpeg","contentUrl":"https:\/\/portalpugmil.com.br\/wp-content\/uploads\/2026\/04\/WhatsApp-Image-2026-04-29-at-10.25.55-1.jpeg","width":1600,"height":900,"caption":"ACIDENTE COM TR\u00caS VE\u00cdCULOS NA AVENIDA JK CAUSA TRANSTORNOS EM PALMAS."},{"@type":"BreadcrumbList","@id":"https:\/\/portalpugmil.com.br\/?p=86#breadcrumb","itemListElement":[{"@type":"ListItem","position":1,"name":"In\u00edcio","item":"https:\/\/portalpugmil.com.br\/"},{"@type":"ListItem","position":2,"name":"ACIDENTE COM TR\u00caS VE\u00cdCULOS NA AVENIDA JK CAUSA TRANSTORNOS EM PALMAS."}]},{"@type":"WebSite","@id":"https:\/\/portalpugmil.com.br\/#website","url":"https:\/\/portalpugmil.com.br\/","name":"Portalpugmil","description":"","potentialAction":[{"@type":"SearchAction","target":{"@type":"EntryPoint","urlTemplate":"https:\/\/portalpugmil.com.br\/?s={search_term_string}"},"query-input":{"@type":"PropertyValueSpecification","valueRequired":true,"valueName":"search_term_string"}}],"inLanguage":"pt-BR"},{"@type":"Person","@id":"https:\/\/portalpugmil.com.br\/#\/schema\/person\/773985a66f4a7f46b408c495f438cd1b","name":"portalpugmil12","image":{"@type":"ImageObject","inLanguage":"pt-BR","@id":"https:\/\/secure.gravatar.com\/avatar\/50c9b3466b466f582dbda1af491211e2976b17595f82c18cda4eee2ee098a70a?s=96&d=mm&r=g","url":"https:\/\/secure.gravatar.com\/avatar\/50c9b3466b466f582dbda1af491211e2976b17595f82c18cda4eee2ee098a70a?s=96&d=mm&r=g","contentUrl":"https:\/\/secure.gravatar.com\/avatar\/50c9b3466b466f582dbda1af491211e2976b17595f82c18cda4eee2ee098a70a?s=96&d=mm&r=g","caption":"portalpugmil12"},"description":"Portal Pugmil \u00e9 um canal de informa\u00e7\u00e3o independente, dedicado a levar not\u00edcias com responsabilidade, clareza e imparcialidade \u00e0 popula\u00e7\u00e3o. Atuando com foco nos acontecimentos locais e regionais, o portal busca informar, conscientizar e dar voz \u00e0 comunidade. Nosso compromisso \u00e9 com a verdade e com a credibilidade da informa\u00e7\u00e3o.","sameAs":["http:\/\/portalpugmil.com.br"],"url":"https:\/\/portalpugmil.com.br\/?author=1"}]}},"_links":{"self":[{"href":"https:\/\/portalpugmil.com.br\/index.php?rest_route=\/wp\/v2\/posts\/86","targetHints":{"allow":["GET"]}}],"collection":[{"href":"https:\/\/portalpugmil.com.br\/index.php?rest_route=\/wp\/v2\/posts"}],"about":[{"href":"https:\/\/portalpugmil.com.br\/index.php?rest_route=\/wp\/v2\/types\/post"}],"author":[{"embeddable":true,"href":"https:\/\/portalpugmil.com.br\/index.php?rest_route=\/wp\/v2\/users\/1"}],"replies":[{"embeddable":true,"href":"https:\/\/portalpugmil.com.br\/index.php?rest_route=%2Fwp%2Fv2%2Fcomments&post=86"}],"version-history":[{"count":1,"href":"https:\/\/portalpugmil.com.br\/index.php?rest_route=\/wp\/v2\/posts\/86\/revisions"}],"predecessor-version":[{"id":88,"href":"https:\/\/portalpugmil.com.br\/index.php?rest_route=\/wp\/v2\/posts\/86\/revisions\/88"}],"wp:featuredmedia":[{"embeddable":true,"href":"https:\/\/portalpugmil.com.br\/index.php?rest_route=\/wp\/v2\/media\/87"}],"wp:attachment":[{"href":"https:\/\/portalpugmil.com.br\/index.php?rest_route=%2Fwp%2Fv2%2Fmedia&parent=86"}],"wp:term":[{"taxonomy":"category","embeddable":true,"href":"https:\/\/portalpugmil.com.br\/index.php?rest_route=%2Fwp%2Fv2%2Fcategories&post=86"},{"taxonomy":"post_tag","embeddable":true,"href":"https:\/\/portalpugmil.com.br\/index.php?rest_route=%2Fwp%2Fv2%2Ftags&post=86"}],"curies":[{"name":"wp","href":"https:\/\/api.w.org\/{rel}","templated":true}]}}